{"id":3864,"date":"2026-09-01T12:26:25","date_gmt":"2026-09-01T12:26:25","guid":{"rendered":"https:\/\/aerca.org.ar\/asociacion-empresarios\/?p=3864"},"modified":"2026-09-01T19:40:06","modified_gmt":"2026-09-01T19:40:06","slug":"aerca-recibio-al-presidente-de-la-comision-de-comercio-diputado-nacional-juan-fernando-brugge","status":"publish","type":"post","link":"https:\/\/aerca.org.ar\/asociacion-empresarios\/aerca-recibio-al-presidente-de-la-comision-de-comercio-diputado-nacional-juan-fernando-brugge\/","title":{"rendered":"AERCA recibi\u00f3 al Presidente de la Comisi\u00f3n de Comercio, Diputado Nacional Juan Fernando Br\u00fcgge."},"content":{"rendered":"\n<p class=\"wp-block-paragraph\">La Comisi\u00f3n Directiva de AERCA recibi\u00f3, este lunes 31 de agosto, la visita del diputado nacional Juan Fernando Br\u00fcgge, referente en materia de comercio y presidente de la Comisi\u00f3n de Comercio de la C\u00e1mara de Diputados de la Naci\u00f3n. El encuentro se desarroll\u00f3 en la sede institucional y form\u00f3 parte de una agenda de trabajo que el legislador viene llevando adelante en distintos puntos del pa\u00eds para interiorizarse sobre la situaci\u00f3n actual del comercio y los servicios.<\/p>\n\n\n\n<p class=\"wp-block-paragraph\">Br\u00fcgge es abogado egresado de la Universidad Nacional de C\u00f3rdoba, doctor en Derecho y Ciencias Sociales y profesor universitario con trayectoria en Derecho Constitucional, Derecho Procesal Constitucional y Derecho P\u00fablico. Adem\u00e1s, se desempe\u00f1\u00f3 como legislador provincial, diputado nacional por C\u00f3rdoba en distintos per\u00edodos y director del Banco de la Provincia de C\u00f3rdoba, antecedentes que aportaron al intercambio una mirada vinculada tanto al \u00e1mbito legislativo como al sistema financiero y acad\u00e9mico.<\/p>\n\n\n\n<p class=\"wp-block-paragraph\">Durante la reuni\u00f3n, se realiz\u00f3 una breve presentaci\u00f3n de los integrantes de la Comisi\u00f3n Directiva y de los responsables de las c\u00e1maras que forman parte de AERCA. Luego, los representantes de la entidad compartieron con el diputado una serie de problem\u00e1ticas que atraviesan al comercio local y que requieren ser consideradas en la agenda legislativa nacional.<\/p>\n\n\n\n<p class=\"wp-block-paragraph\">Entre los principales temas planteados se destacaron la presi\u00f3n impositiva, los costos de operaci\u00f3n con tarjetas de cr\u00e9dito, las comisiones aplicadas por grandes pasarelas de pago y mercados virtuales, y el impacto de tasas y derechos municipales sobre la actividad comercial.<\/p>\n\n\n\n<p class=\"wp-block-paragraph\">Adem\u00e1s, desde la instituci\u00f3n se remarc\u00f3 la necesidad de contar con informaci\u00f3n abierta, confiable y transparente sobre el comportamiento del comercio: volumen de ventas mensuales, datos vinculados a fechas especiales, apertura y cierre de comercios, y evoluci\u00f3n del ticket promedio, entre otros indicadores relevantes para la toma de decisiones p\u00fablicas y privadas.<\/p>\n\n\n\n<p class=\"wp-block-paragraph\">Tras escuchar los planteos, Br\u00fcgge manifest\u00f3 su compromiso de presentar la pr\u00f3xima semana un proyecto orientado a que el INDEC ponga a disposici\u00f3n del p\u00fablico datos abiertos sobre el comercio. Tambi\u00e9n expres\u00f3 su inter\u00e9s en impulsar una revisi\u00f3n integral del sistema de cobro con tarjetas de cr\u00e9dito y plataformas virtuales.<\/p>\n\n\n\n<p class=\"wp-block-paragraph\">Por otra parte, el diputado se comprometi\u00f3 a acompa\u00f1ar una iniciativa vinculada a la aceleraci\u00f3n de la incubadora de empresas, propuesta que AERCA le remitir\u00e1 en los pr\u00f3ximos d\u00edas con el objetivo de fortalecer herramientas de apoyo al emprendedurismo y al desarrollo productivo regional.<\/p>\n\n\n\n<p class=\"wp-block-paragraph\">Desde AERCA se valor\u00f3 la posibilidad de acercar al \u00e1mbito legislativo nacional la mirada del comercio de Villa Mar\u00eda y la regi\u00f3n, con una agenda concreta de temas que inciden directamente en la competitividad, la formalizaci\u00f3n y la sostenibilidad de las peque\u00f1as y medianas empresas.<\/p>\n","protected":false},"excerpt":{"rendered":"<p>En el marco de su recorrida por el territorio nacional, el Diputado Nacional, visit\u00f3 la instituci\u00f3n para conocer de primera mano la realidad del comercio local y recoger aportes del sector empresario.<\/p>\n","protected":false},"author":5,"featured_media":3865,"comment_status":"open","ping_status":"open","sticky":false,"template":"","format":"standard","meta":{"_jetpack_newsletter_access":"","_jetpack_dont_email_post_to_subs":false,"_jetpack_newsletter_tier_id":0,"_jetpack_memberships_contains_paywalled_content":false,"_jetpack_feature_clip_id":0,"_jetpack_memberships_contains_paid_content":false,"footnotes":"","jetpack_post_was_ever_published":false},"categories":[11],"tags":[],"class_list":["post-3864","post","type-post","status-publish","format-standard","has-post-thumbnail","hentry","category-institucional"],"yoast_head":"<!-- This site is optimized with the Yoast SEO plugin v28.4 - https:\/\/yoast.com\/product\/yoast-seo-wordpress\/ -->\n<title>AERCA recibi\u00f3 al Presidente de la Comisi\u00f3n de Comercio, Diputado Nacional Juan Fernando Br\u00fcgge. - AERCA<\/title>\n<meta name=\"robots\" content=\"index, follow, max-snippet:-1, max-image-preview:large, max-video-preview:-1\" \/>\n<link rel=\"canonical\" href=\"https:\/\/aerca.org.ar\/asociacion-empresarios\/aerca-recibio-al-presidente-de-la-comision-de-comercio-diputado-nacional-juan-fernando-brugge\/\" \/>\n<meta property=\"og:locale\" content=\"es_ES\" \/>\n<meta property=\"og:type\" content=\"article\" \/>\n<meta property=\"og:title\" content=\"AERCA recibi\u00f3 al Presidente de la Comisi\u00f3n de Comercio, Diputado Nacional Juan Fernando Br\u00fcgge. - AERCA\" \/>\n<meta property=\"og:description\" content=\"En el marco de su recorrida por el territorio nacional, el Diputado Nacional, visit\u00f3 la instituci\u00f3n para conocer de primera mano la realidad del comercio local y recoger aportes del sector empresario.\" \/>\n<meta property=\"og:url\" content=\"https:\/\/aerca.org.ar\/asociacion-empresarios\/aerca-recibio-al-presidente-de-la-comision-de-comercio-diputado-nacional-juan-fernando-brugge\/\" \/>\n<meta property=\"og:site_name\" content=\"AERCA\" \/>\n<meta property=\"article:publisher\" content=\"https:\/\/www.facebook.com\/aercavm\" \/>\n<meta property=\"article:published_time\" content=\"2026-09-01T12:26:25+00:00\" \/>\n<meta property=\"article:modified_time\" content=\"2026-09-01T19:40:06+00:00\" \/>\n<meta property=\"og:image\" content=\"https:\/\/aerca.org.ar\/asociacion-empresarios\/wp-content\/uploads\/2026\/09\/NOTICIAS-15.jpg\" \/>\n\t<meta property=\"og:image:width\" content=\"900\" \/>\n\t<meta property=\"og:image:height\" content=\"490\" \/>\n\t<meta property=\"og:image:type\" content=\"image\/jpeg\" \/>\n<meta name=\"author\" content=\"Comunicacion AERCA\" \/>\n<meta name=\"twitter:card\" content=\"summary_large_image\" \/>\n<meta name=\"twitter:creator\" content=\"@aercavm\" \/>\n<meta name=\"twitter:site\" content=\"@aercavm\" \/>\n<meta name=\"twitter:label1\" content=\"Escrito por\" \/>\n\t<meta name=\"twitter:data1\" content=\"Comunicacion AERCA\" \/>\n\t<meta name=\"twitter:label2\" content=\"Tiempo de lectura\" \/>\n\t<meta name=\"twitter:data2\" content=\"3 minutos\" \/>\n<script type=\"application\/ld+json\" class=\"yoast-schema-graph\">{\"@context\":\"https:\\\/\\\/schema.org\",\"@graph\":[{\"@type\":\"Article\",\"@id\":\"https:\\\/\\\/aerca.org.ar\\\/asociacion-empresarios\\\/aerca-recibio-al-presidente-de-la-comision-de-comercio-diputado-nacional-juan-fernando-brugge\\\/#article\",\"isPartOf\":{\"@id\":\"https:\\\/\\\/aerca.org.ar\\\/asociacion-empresarios\\\/aerca-recibio-al-presidente-de-la-comision-de-comercio-diputado-nacional-juan-fernando-brugge\\\/\"},\"author\":{\"name\":\"Comunicacion AERCA\",\"@id\":\"https:\\\/\\\/aerca.org.ar\\\/asociacion-empresarios\\\/#\\\/schema\\\/person\\\/d3878682d3edfef906c89a20da49e15e\"},\"headline\":\"AERCA recibi\u00f3 al Presidente de la Comisi\u00f3n de Comercio, Diputado Nacional Juan Fernando Br\u00fcgge.\",\"datePublished\":\"2026-09-01T12:26:25+00:00\",\"dateModified\":\"2026-09-01T19:40:06+00:00\",\"mainEntityOfPage\":{\"@id\":\"https:\\\/\\\/aerca.org.ar\\\/asociacion-empresarios\\\/aerca-recibio-al-presidente-de-la-comision-de-comercio-diputado-nacional-juan-fernando-brugge\\\/\"},\"wordCount\":494,\"commentCount\":0,\"publisher\":{\"@id\":\"https:\\\/\\\/aerca.org.ar\\\/asociacion-empresarios\\\/#organization\"},\"image\":{\"@id\":\"https:\\\/\\\/aerca.org.ar\\\/asociacion-empresarios\\\/aerca-recibio-al-presidente-de-la-comision-de-comercio-diputado-nacional-juan-fernando-brugge\\\/#primaryimage\"},\"thumbnailUrl\":\"https:\\\/\\\/i0.wp.com\\\/aerca.org.ar\\\/asociacion-empresarios\\\/wp-content\\\/uploads\\\/2026\\\/09\\\/NOTICIAS-15.jpg?fit=900%2C490&ssl=1\",\"articleSection\":[\"Institucional\"],\"inLanguage\":\"es\",\"potentialAction\":[{\"@type\":\"CommentAction\",\"name\":\"Comment\",\"target\":[\"https:\\\/\\\/aerca.org.ar\\\/asociacion-empresarios\\\/aerca-recibio-al-presidente-de-la-comision-de-comercio-diputado-nacional-juan-fernando-brugge\\\/#respond\"]}]},{\"@type\":\"WebPage\",\"@id\":\"https:\\\/\\\/aerca.org.ar\\\/asociacion-empresarios\\\/aerca-recibio-al-presidente-de-la-comision-de-comercio-diputado-nacional-juan-fernando-brugge\\\/\",\"url\":\"https:\\\/\\\/aerca.org.ar\\\/asociacion-empresarios\\\/aerca-recibio-al-presidente-de-la-comision-de-comercio-diputado-nacional-juan-fernando-brugge\\\/\",\"name\":\"AERCA recibi\u00f3 al Presidente de la Comisi\u00f3n de Comercio, Diputado Nacional Juan Fernando Br\u00fcgge. - AERCA\",\"isPartOf\":{\"@id\":\"https:\\\/\\\/aerca.org.ar\\\/asociacion-empresarios\\\/#website\"},\"primaryImageOfPage\":{\"@id\":\"https:\\\/\\\/aerca.org.ar\\\/asociacion-empresarios\\\/aerca-recibio-al-presidente-de-la-comision-de-comercio-diputado-nacional-juan-fernando-brugge\\\/#primaryimage\"},\"image\":{\"@id\":\"https:\\\/\\\/aerca.org.ar\\\/asociacion-empresarios\\\/aerca-recibio-al-presidente-de-la-comision-de-comercio-diputado-nacional-juan-fernando-brugge\\\/#primaryimage\"},\"thumbnailUrl\":\"https:\\\/\\\/i0.wp.com\\\/aerca.org.ar\\\/asociacion-empresarios\\\/wp-content\\\/uploads\\\/2026\\\/09\\\/NOTICIAS-15.jpg?fit=900%2C490&ssl=1\",\"datePublished\":\"2026-09-01T12:26:25+00:00\",\"dateModified\":\"2026-09-01T19:40:06+00:00\",\"breadcrumb\":{\"@id\":\"https:\\\/\\\/aerca.org.ar\\\/asociacion-empresarios\\\/aerca-recibio-al-presidente-de-la-comision-de-comercio-diputado-nacional-juan-fernando-brugge\\\/#breadcrumb\"},\"inLanguage\":\"es\",\"potentialAction\":[{\"@type\":\"ReadAction\",\"target\":[\"https:\\\/\\\/aerca.org.ar\\\/asociacion-empresarios\\\/aerca-recibio-al-presidente-de-la-comision-de-comercio-diputado-nacional-juan-fernando-brugge\\\/\"]}]},{\"@type\":\"ImageObject\",\"inLanguage\":\"es\",\"@id\":\"https:\\\/\\\/aerca.org.ar\\\/asociacion-empresarios\\\/aerca-recibio-al-presidente-de-la-comision-de-comercio-diputado-nacional-juan-fernando-brugge\\\/#primaryimage\",\"url\":\"https:\\\/\\\/i0.wp.com\\\/aerca.org.ar\\\/asociacion-empresarios\\\/wp-content\\\/uploads\\\/2026\\\/09\\\/NOTICIAS-15.jpg?fit=900%2C490&ssl=1\",\"contentUrl\":\"https:\\\/\\\/i0.wp.com\\\/aerca.org.ar\\\/asociacion-empresarios\\\/wp-content\\\/uploads\\\/2026\\\/09\\\/NOTICIAS-15.jpg?fit=900%2C490&ssl=1\",\"width\":900,\"height\":490},{\"@type\":\"BreadcrumbList\",\"@id\":\"https:\\\/\\\/aerca.org.ar\\\/asociacion-empresarios\\\/aerca-recibio-al-presidente-de-la-comision-de-comercio-diputado-nacional-juan-fernando-brugge\\\/#breadcrumb\",\"itemListElement\":[{\"@type\":\"ListItem\",\"position\":1,\"name\":\"Portada\",\"item\":\"https:\\\/\\\/aerca.org.ar\\\/asociacion-empresarios\\\/\"},{\"@type\":\"ListItem\",\"position\":2,\"name\":\"AERCA recibi\u00f3 al Presidente de la Comisi\u00f3n de Comercio, Diputado Nacional Juan Fernando Br\u00fcgge.\"}]},{\"@type\":\"WebSite\",\"@id\":\"https:\\\/\\\/aerca.org.ar\\\/asociacion-empresarios\\\/#website\",\"url\":\"https:\\\/\\\/aerca.org.ar\\\/asociacion-empresarios\\\/\",\"name\":\"AERCA\",\"description\":\"Asociacion de Empresarios de la Region Centro Argentina\",\"publisher\":{\"@id\":\"https:\\\/\\\/aerca.org.ar\\\/asociacion-empresarios\\\/#organization\"},\"potentialAction\":[{\"@type\":\"SearchAction\",\"target\":{\"@type\":\"EntryPoint\",\"urlTemplate\":\"https:\\\/\\\/aerca.org.ar\\\/asociacion-empresarios\\\/?s={search_term_string}\"},\"query-input\":{\"@type\":\"PropertyValueSpecification\",\"valueRequired\":true,\"valueName\":\"search_term_string\"}}],\"inLanguage\":\"es\"},{\"@type\":\"Organization\",\"@id\":\"https:\\\/\\\/aerca.org.ar\\\/asociacion-empresarios\\\/#organization\",\"name\":\"AERCA\",\"url\":\"https:\\\/\\\/aerca.org.ar\\\/asociacion-empresarios\\\/\",\"logo\":{\"@type\":\"ImageObject\",\"inLanguage\":\"es\",\"@id\":\"https:\\\/\\\/aerca.org.ar\\\/asociacion-empresarios\\\/#\\\/schema\\\/logo\\\/image\\\/\",\"url\":\"https:\\\/\\\/aerca.org.ar\\\/asociacion-empresarios\\\/wp-content\\\/uploads\\\/2025\\\/09\\\/logo-aerca-95-anos-scaled.png\",\"contentUrl\":\"https:\\\/\\\/aerca.org.ar\\\/asociacion-empresarios\\\/wp-content\\\/uploads\\\/2025\\\/09\\\/logo-aerca-95-anos-scaled.png\",\"width\":2560,\"height\":569,\"caption\":\"AERCA\"},\"image\":{\"@id\":\"https:\\\/\\\/aerca.org.ar\\\/asociacion-empresarios\\\/#\\\/schema\\\/logo\\\/image\\\/\"},\"sameAs\":[\"https:\\\/\\\/www.facebook.com\\\/aercavm\",\"https:\\\/\\\/x.com\\\/aercavm\",\"https:\\\/\\\/www.youtube.com\\\/@aercavm\",\"https:\\\/\\\/www.instagram.com\\\/aercavm\\\/\"]},{\"@type\":\"Person\",\"@id\":\"https:\\\/\\\/aerca.org.ar\\\/asociacion-empresarios\\\/#\\\/schema\\\/person\\\/d3878682d3edfef906c89a20da49e15e\",\"name\":\"Comunicacion AERCA\",\"image\":{\"@type\":\"ImageObject\",\"inLanguage\":\"es\",\"@id\":\"https:\\\/\\\/secure.gravatar.com\\\/avatar\\\/4dab48e9df29bcecdd2373c6d081ec5abaaf0366a122768f4f78f20f74b93d87?s=96&d=mm&r=g\",\"url\":\"https:\\\/\\\/secure.gravatar.com\\\/avatar\\\/4dab48e9df29bcecdd2373c6d081ec5abaaf0366a122768f4f78f20f74b93d87?s=96&d=mm&r=g\",\"contentUrl\":\"https:\\\/\\\/secure.gravatar.com\\\/avatar\\\/4dab48e9df29bcecdd2373c6d081ec5abaaf0366a122768f4f78f20f74b93d87?s=96&d=mm&r=g\",\"caption\":\"Comunicacion AERCA\"},\"url\":\"https:\\\/\\\/aerca.org.ar\\\/asociacion-empresarios\\\/author\\\/aerca_com\\\/\"}]}<\/script>\n<!-- \/ Yoast SEO plugin. -->","yoast_head_json":{"title":"AERCA recibi\u00f3 al Presidente de la Comisi\u00f3n de Comercio, Diputado Nacional Juan Fernando Br\u00fcgge. - AERCA","robots":{"index":"index","follow":"follow","max-snippet":"max-snippet:-1","max-image-preview":"max-image-preview:large","max-video-preview":"max-video-preview:-1"},"canonical":"https:\/\/aerca.org.ar\/asociacion-empresarios\/aerca-recibio-al-presidente-de-la-comision-de-comercio-diputado-nacional-juan-fernando-brugge\/","og_locale":"es_ES","og_type":"article","og_title":"AERCA recibi\u00f3 al Presidente de la Comisi\u00f3n de Comercio, Diputado Nacional Juan Fernando Br\u00fcgge. - AERCA","og_description":"En el marco de su recorrida por el territorio nacional, el Diputado Nacional, visit\u00f3 la instituci\u00f3n para conocer de primera mano la realidad del comercio local y recoger aportes del sector empresario.","og_url":"https:\/\/aerca.org.ar\/asociacion-empresarios\/aerca-recibio-al-presidente-de-la-comision-de-comercio-diputado-nacional-juan-fernando-brugge\/","og_site_name":"AERCA","article_publisher":"https:\/\/www.facebook.com\/aercavm","article_published_time":"2026-09-01T12:26:25+00:00","article_modified_time":"2026-09-01T19:40:06+00:00","og_image":[{"width":900,"height":490,"url":"https:\/\/aerca.org.ar\/asociacion-empresarios\/wp-content\/uploads\/2026\/09\/NOTICIAS-15.jpg","type":"image\/jpeg"}],"author":"Comunicacion AERCA","twitter_card":"summary_large_image","twitter_creator":"@aercavm","twitter_site":"@aercavm","twitter_misc":{"Escrito por":"Comunicacion AERCA","Tiempo de lectura":"3 minutos"},"schema":{"@context":"https:\/\/schema.org","@graph":[{"@type":"Article","@id":"https:\/\/aerca.org.ar\/asociacion-empresarios\/aerca-recibio-al-presidente-de-la-comision-de-comercio-diputado-nacional-juan-fernando-brugge\/#article","isPartOf":{"@id":"https:\/\/aerca.org.ar\/asociacion-empresarios\/aerca-recibio-al-presidente-de-la-comision-de-comercio-diputado-nacional-juan-fernando-brugge\/"},"author":{"name":"Comunicacion AERCA","@id":"https:\/\/aerca.org.ar\/asociacion-empresarios\/#\/schema\/person\/d3878682d3edfef906c89a20da49e15e"},"headline":"AERCA recibi\u00f3 al Presidente de la Comisi\u00f3n de Comercio, Diputado Nacional Juan Fernando Br\u00fcgge.","datePublished":"2026-09-01T12:26:25+00:00","dateModified":"2026-09-01T19:40:06+00:00","mainEntityOfPage":{"@id":"https:\/\/aerca.org.ar\/asociacion-empresarios\/aerca-recibio-al-presidente-de-la-comision-de-comercio-diputado-nacional-juan-fernando-brugge\/"},"wordCount":494,"commentCount":0,"publisher":{"@id":"https:\/\/aerca.org.ar\/asociacion-empresarios\/#organization"},"image":{"@id":"https:\/\/aerca.org.ar\/asociacion-empresarios\/aerca-recibio-al-presidente-de-la-comision-de-comercio-diputado-nacional-juan-fernando-brugge\/#primaryimage"},"thumbnailUrl":"https:\/\/i0.wp.com\/aerca.org.ar\/asociacion-empresarios\/wp-content\/uploads\/2026\/09\/NOTICIAS-15.jpg?fit=900%2C490&ssl=1","articleSection":["Institucional"],"inLanguage":"es","potentialAction":[{"@type":"CommentAction","name":"Comment","target":["https:\/\/aerca.org.ar\/asociacion-empresarios\/aerca-recibio-al-presidente-de-la-comision-de-comercio-diputado-nacional-juan-fernando-brugge\/#respond"]}]},{"@type":"WebPage","@id":"https:\/\/aerca.org.ar\/asociacion-empresarios\/aerca-recibio-al-presidente-de-la-comision-de-comercio-diputado-nacional-juan-fernando-brugge\/","url":"https:\/\/aerca.org.ar\/asociacion-empresarios\/aerca-recibio-al-presidente-de-la-comision-de-comercio-diputado-nacional-juan-fernando-brugge\/","name":"AERCA recibi\u00f3 al Presidente de la Comisi\u00f3n de Comercio, Diputado Nacional Juan Fernando Br\u00fcgge. - AERCA","isPartOf":{"@id":"https:\/\/aerca.org.ar\/asociacion-empresarios\/#website"},"primaryImageOfPage":{"@id":"https:\/\/aerca.org.ar\/asociacion-empresarios\/aerca-recibio-al-presidente-de-la-comision-de-comercio-diputado-nacional-juan-fernando-brugge\/#primaryimage"},"image":{"@id":"https:\/\/aerca.org.ar\/asociacion-empresarios\/aerca-recibio-al-presidente-de-la-comision-de-comercio-diputado-nacional-juan-fernando-brugge\/#primaryimage"},"thumbnailUrl":"https:\/\/i0.wp.com\/aerca.org.ar\/asociacion-empresarios\/wp-content\/uploads\/2026\/09\/NOTICIAS-15.jpg?fit=900%2C490&ssl=1","datePublished":"2026-09-01T12:26:25+00:00","dateModified":"2026-09-01T19:40:06+00:00","breadcrumb":{"@id":"https:\/\/aerca.org.ar\/asociacion-empresarios\/aerca-recibio-al-presidente-de-la-comision-de-comercio-diputado-nacional-juan-fernando-brugge\/#breadcrumb"},"inLanguage":"es","potentialAction":[{"@type":"ReadAction","target":["https:\/\/aerca.org.ar\/asociacion-empresarios\/aerca-recibio-al-presidente-de-la-comision-de-comercio-diputado-nacional-juan-fernando-brugge\/"]}]},{"@type":"ImageObject","inLanguage":"es","@id":"https:\/\/aerca.org.ar\/asociacion-empresarios\/aerca-recibio-al-presidente-de-la-comision-de-comercio-diputado-nacional-juan-fernando-brugge\/#primaryimage","url":"https:\/\/i0.wp.com\/aerca.org.ar\/asociacion-empresarios\/wp-content\/uploads\/2026\/09\/NOTICIAS-15.jpg?fit=900%2C490&ssl=1","contentUrl":"https:\/\/i0.wp.com\/aerca.org.ar\/asociacion-empresarios\/wp-content\/uploads\/2026\/09\/NOTICIAS-15.jpg?fit=900%2C490&ssl=1","width":900,"height":490},{"@type":"BreadcrumbList","@id":"https:\/\/aerca.org.ar\/asociacion-empresarios\/aerca-recibio-al-presidente-de-la-comision-de-comercio-diputado-nacional-juan-fernando-brugge\/#breadcrumb","itemListElement":[{"@type":"ListItem","position":1,"name":"Portada","item":"https:\/\/aerca.org.ar\/asociacion-empresarios\/"},{"@type":"ListItem","position":2,"name":"AERCA recibi\u00f3 al Presidente de la Comisi\u00f3n de Comercio, Diputado Nacional Juan Fernando Br\u00fcgge."}]},{"@type":"WebSite","@id":"https:\/\/aerca.org.ar\/asociacion-empresarios\/#website","url":"https:\/\/aerca.org.ar\/asociacion-empresarios\/","name":"AERCA","description":"Asociacion de Empresarios de la Region Centro Argentina","publisher":{"@id":"https:\/\/aerca.org.ar\/asociacion-empresarios\/#organization"},"potentialAction":[{"@type":"SearchAction","target":{"@type":"EntryPoint","urlTemplate":"https:\/\/aerca.org.ar\/asociacion-empresarios\/?s={search_term_string}"},"query-input":{"@type":"PropertyValueSpecification","valueRequired":true,"valueName":"search_term_string"}}],"inLanguage":"es"},{"@type":"Organization","@id":"https:\/\/aerca.org.ar\/asociacion-empresarios\/#organization","name":"AERCA","url":"https:\/\/aerca.org.ar\/asociacion-empresarios\/","logo":{"@type":"ImageObject","inLanguage":"es","@id":"https:\/\/aerca.org.ar\/asociacion-empresarios\/#\/schema\/logo\/image\/","url":"https:\/\/aerca.org.ar\/asociacion-empresarios\/wp-content\/uploads\/2025\/09\/logo-aerca-95-anos-scaled.png","contentUrl":"https:\/\/aerca.org.ar\/asociacion-empresarios\/wp-content\/uploads\/2025\/09\/logo-aerca-95-anos-scaled.png","width":2560,"height":569,"caption":"AERCA"},"image":{"@id":"https:\/\/aerca.org.ar\/asociacion-empresarios\/#\/schema\/logo\/image\/"},"sameAs":["https:\/\/www.facebook.com\/aercavm","https:\/\/x.com\/aercavm","https:\/\/www.youtube.com\/@aercavm","https:\/\/www.instagram.com\/aercavm\/"]},{"@type":"Person","@id":"https:\/\/aerca.org.ar\/asociacion-empresarios\/#\/schema\/person\/d3878682d3edfef906c89a20da49e15e","name":"Comunicacion AERCA","image":{"@type":"ImageObject","inLanguage":"es","@id":"https:\/\/secure.gravatar.com\/avatar\/4dab48e9df29bcecdd2373c6d081ec5abaaf0366a122768f4f78f20f74b93d87?s=96&d=mm&r=g","url":"https:\/\/secure.gravatar.com\/avatar\/4dab48e9df29bcecdd2373c6d081ec5abaaf0366a122768f4f78f20f74b93d87?s=96&d=mm&r=g","contentUrl":"https:\/\/secure.gravatar.com\/avatar\/4dab48e9df29bcecdd2373c6d081ec5abaaf0366a122768f4f78f20f74b93d87?s=96&d=mm&r=g","caption":"Comunicacion AERCA"},"url":"https:\/\/aerca.org.ar\/asociacion-empresarios\/author\/aerca_com\/"}]}},"jetpack_sharing_enabled":true,"jetpack_featured_media_url":"https:\/\/i0.wp.com\/aerca.org.ar\/asociacion-empresarios\/wp-content\/uploads\/2026\/09\/NOTICIAS-15.jpg?fit=900%2C490&ssl=1","_links":{"self":[{"href":"https:\/\/aerca.org.ar\/asociacion-empresarios\/wp-json\/wp\/v2\/posts\/3864","targetHints":{"allow":["GET"]}}],"collection":[{"href":"https:\/\/aerca.org.ar\/asociacion-empresarios\/wp-json\/wp\/v2\/posts"}],"about":[{"href":"https:\/\/aerca.org.ar\/asociacion-empresarios\/wp-json\/wp\/v2\/types\/post"}],"author":[{"embeddable":true,"href":"https:\/\/aerca.org.ar\/asociacion-empresarios\/wp-json\/wp\/v2\/users\/5"}],"replies":[{"embeddable":true,"href":"https:\/\/aerca.org.ar\/asociacion-empresarios\/wp-json\/wp\/v2\/comments?post=3864"}],"version-history":[{"count":2,"href":"https:\/\/aerca.org.ar\/asociacion-empresarios\/wp-json\/wp\/v2\/posts\/3864\/revisions"}],"predecessor-version":[{"id":3867,"href":"https:\/\/aerca.org.ar\/asociacion-empresarios\/wp-json\/wp\/v2\/posts\/3864\/revisions\/3867"}],"wp:featuredmedia":[{"embeddable":true,"href":"https:\/\/aerca.org.ar\/asociacion-empresarios\/wp-json\/wp\/v2\/media\/3865"}],"wp:attachment":[{"href":"https:\/\/aerca.org.ar\/asociacion-empresarios\/wp-json\/wp\/v2\/media?parent=3864"}],"wp:term":[{"taxonomy":"category","embeddable":true,"href":"https:\/\/aerca.org.ar\/asociacion-empresarios\/wp-json\/wp\/v2\/categories?post=3864"},{"taxonomy":"post_tag","embeddable":true,"href":"https:\/\/aerca.org.ar\/asociacion-empresarios\/wp-json\/wp\/v2\/tags?post=3864"}],"curies":[{"name":"wp","href":"https:\/\/api.w.org\/{rel}","templated":true}]}}