{"id":3693,"date":"2026-08-27T15:14:32","date_gmt":"2026-08-27T15:14:32","guid":{"rendered":"https:\/\/aerca.org.ar\/asociacion-empresarios\/?p=3693"},"modified":"2026-08-27T15:14:36","modified_gmt":"2026-08-27T15:14:36","slug":"growup","status":"publish","type":"post","link":"https:\/\/aerca.org.ar\/asociacion-empresarios\/growup\/","title":{"rendered":"GROWUP"},"content":{"rendered":"\n<p class=\"wp-block-paragraph\">Aprovech\u00e1 los beneficios exclusivos para socios de AERCA:<\/p>\n\n\n\n<p class=\"wp-block-paragraph\">Gesti\u00f3n Integral de Registro de Marca<\/p>\n\n\n\n<p class=\"wp-block-paragraph\">15% de descuento sobre los honorarios profesionales.<\/p>\n\n\n\n<p class=\"wp-block-paragraph\">El servicio incluye:<\/p>\n\n\n\n<p class=\"wp-block-paragraph\">-B\u00fasqueda de antecedentes e informe de factibilidad.<br>-Presentaci\u00f3n y seguimiento del tr\u00e1mite ante el INPI.<br>-Acompa\u00f1amiento hasta la obtenci\u00f3n del registro.<br>-Respuestas a vistas administrativas y observaciones simples.<br>-Vigilancia marcaria bonificada por un a\u00f1o.<br>-Recordatorios de la Declaraci\u00f3n Jurada de Uso y de la renovaci\u00f3n del registro.<\/p>\n\n\n\n<p class=\"wp-block-paragraph\">Consultor\u00eda Organizacional<\/p>\n\n\n\n<p class=\"wp-block-paragraph\">10% de descuento en las siguientes etapas del servicio:<\/p>\n\n\n\n<p class=\"wp-block-paragraph\">-Etapa 1: Diagn\u00f3stico organizacional.<br>-Etapa 2: Informe de diagn\u00f3stico con plan de mejora personalizado.<\/p>\n\n\n\n<div style=\"height:50px\" aria-hidden=\"true\" class=\"wp-block-spacer\"><\/div>\n\n\n\n<div class=\"wp-block-jetpack-send-a-message\">\n<div class=\"wp-block-jetpack-whatsapp-button aligncenter is-color-dark\"><a class=\"whatsapp-block__button\" href=\"https:\/\/api.whatsapp.com\/send?phone=543534278048&amp;text=Hola%2C%20vi%20el%20convenio%20en%20la%20pagina%20de%20AERCA.\" style=\"background-color:#25D366;color:#fff\" target=\"_blank\" rel=\"noopener noreferrer\">Contactar<\/a><\/div>\n<\/div>\n\n\n\n<p class=\"wp-block-paragraph\"><\/p>\n","protected":false},"excerpt":{"rendered":"<p>Aprovech\u00e1 los beneficios exclusivos para socios de AERCA: Gesti\u00f3n Integral de Registro de Marca 15% de descuento sobre los honorarios profesionales. El servicio incluye: -B\u00fasqueda de antecedentes e informe de [&hellip;]<\/p>\n","protected":false},"author":2,"featured_media":3694,"comment_status":"open","ping_status":"open","sticky":false,"template":"","format":"standard","meta":{"_jetpack_newsletter_access":"","_jetpack_dont_email_post_to_subs":false,"_jetpack_newsletter_tier_id":0,"_jetpack_memberships_contains_paywalled_content":false,"_jetpack_feature_clip_id":0,"_jetpack_memberships_contains_paid_content":false,"footnotes":"","jetpack_post_was_ever_published":false},"categories":[28],"tags":[33],"class_list":["post-3693","post","type-post","status-publish","format-standard","has-post-thumbnail","hentry","category-convenios","tag-comercio-y-servicios"],"yoast_head":"<!-- This site is optimized with the Yoast SEO plugin v28.4 - https:\/\/yoast.com\/product\/yoast-seo-wordpress\/ -->\n<title>GROWUP - AERCA<\/title>\n<meta name=\"robots\" content=\"index, follow, max-snippet:-1, max-image-preview:large, max-video-preview:-1\" \/>\n<link rel=\"canonical\" href=\"https:\/\/aerca.org.ar\/asociacion-empresarios\/growup\/\" \/>\n<meta property=\"og:locale\" content=\"es_ES\" \/>\n<meta property=\"og:type\" content=\"article\" \/>\n<meta property=\"og:title\" content=\"GROWUP - AERCA\" \/>\n<meta property=\"og:description\" content=\"Aprovech\u00e1 los beneficios exclusivos para socios de AERCA: Gesti\u00f3n Integral de Registro de Marca 15% de descuento sobre los honorarios profesionales. El servicio incluye: -B\u00fasqueda de antecedentes e informe de [&hellip;]\" \/>\n<meta property=\"og:url\" content=\"https:\/\/aerca.org.ar\/asociacion-empresarios\/growup\/\" \/>\n<meta property=\"og:site_name\" content=\"AERCA\" \/>\n<meta property=\"article:publisher\" content=\"https:\/\/www.facebook.com\/aercavm\" \/>\n<meta property=\"article:published_time\" content=\"2026-08-27T15:14:32+00:00\" \/>\n<meta property=\"article:modified_time\" content=\"2026-08-27T15:14:36+00:00\" \/>\n<meta property=\"og:image\" content=\"https:\/\/aerca.org.ar\/asociacion-empresarios\/wp-content\/uploads\/2026\/08\/2026-08-27-3.png\" \/>\n\t<meta property=\"og:image:width\" content=\"812\" \/>\n\t<meta property=\"og:image:height\" content=\"307\" \/>\n\t<meta property=\"og:image:type\" content=\"image\/png\" \/>\n<meta name=\"author\" content=\"aerca\" \/>\n<meta name=\"twitter:card\" content=\"summary_large_image\" \/>\n<meta name=\"twitter:creator\" content=\"@aercavm\" \/>\n<meta name=\"twitter:site\" content=\"@aercavm\" \/>\n<meta name=\"twitter:label1\" content=\"Escrito por\" \/>\n\t<meta name=\"twitter:data1\" content=\"aerca\" \/>\n\t<meta name=\"twitter:label2\" content=\"Tiempo de lectura\" \/>\n\t<meta name=\"twitter:data2\" content=\"1 minuto\" \/>\n<script type=\"application\/ld+json\" class=\"yoast-schema-graph\">{\"@context\":\"https:\\\/\\\/schema.org\",\"@graph\":[{\"@type\":\"Article\",\"@id\":\"https:\\\/\\\/aerca.org.ar\\\/asociacion-empresarios\\\/growup\\\/#article\",\"isPartOf\":{\"@id\":\"https:\\\/\\\/aerca.org.ar\\\/asociacion-empresarios\\\/growup\\\/\"},\"author\":{\"name\":\"aerca\",\"@id\":\"https:\\\/\\\/aerca.org.ar\\\/asociacion-empresarios\\\/#\\\/schema\\\/person\\\/237b060250ebaba17c2f6d8a91387b61\"},\"headline\":\"GROWUP\",\"datePublished\":\"2026-08-27T15:14:32+00:00\",\"dateModified\":\"2026-08-27T15:14:36+00:00\",\"mainEntityOfPage\":{\"@id\":\"https:\\\/\\\/aerca.org.ar\\\/asociacion-empresarios\\\/growup\\\/\"},\"wordCount\":106,\"commentCount\":0,\"publisher\":{\"@id\":\"https:\\\/\\\/aerca.org.ar\\\/asociacion-empresarios\\\/#organization\"},\"image\":{\"@id\":\"https:\\\/\\\/aerca.org.ar\\\/asociacion-empresarios\\\/growup\\\/#primaryimage\"},\"thumbnailUrl\":\"https:\\\/\\\/i0.wp.com\\\/aerca.org.ar\\\/asociacion-empresarios\\\/wp-content\\\/uploads\\\/2026\\\/08\\\/2026-08-27-3.png?fit=812%2C307&ssl=1\",\"keywords\":[\"Comercio y Servicios\"],\"articleSection\":[\"Convenios\"],\"inLanguage\":\"es\",\"potentialAction\":[{\"@type\":\"CommentAction\",\"name\":\"Comment\",\"target\":[\"https:\\\/\\\/aerca.org.ar\\\/asociacion-empresarios\\\/growup\\\/#respond\"]}]},{\"@type\":\"WebPage\",\"@id\":\"https:\\\/\\\/aerca.org.ar\\\/asociacion-empresarios\\\/growup\\\/\",\"url\":\"https:\\\/\\\/aerca.org.ar\\\/asociacion-empresarios\\\/growup\\\/\",\"name\":\"GROWUP - AERCA\",\"isPartOf\":{\"@id\":\"https:\\\/\\\/aerca.org.ar\\\/asociacion-empresarios\\\/#website\"},\"primaryImageOfPage\":{\"@id\":\"https:\\\/\\\/aerca.org.ar\\\/asociacion-empresarios\\\/growup\\\/#primaryimage\"},\"image\":{\"@id\":\"https:\\\/\\\/aerca.org.ar\\\/asociacion-empresarios\\\/growup\\\/#primaryimage\"},\"thumbnailUrl\":\"https:\\\/\\\/i0.wp.com\\\/aerca.org.ar\\\/asociacion-empresarios\\\/wp-content\\\/uploads\\\/2026\\\/08\\\/2026-08-27-3.png?fit=812%2C307&ssl=1\",\"datePublished\":\"2026-08-27T15:14:32+00:00\",\"dateModified\":\"2026-08-27T15:14:36+00:00\",\"breadcrumb\":{\"@id\":\"https:\\\/\\\/aerca.org.ar\\\/asociacion-empresarios\\\/growup\\\/#breadcrumb\"},\"inLanguage\":\"es\",\"potentialAction\":[{\"@type\":\"ReadAction\",\"target\":[\"https:\\\/\\\/aerca.org.ar\\\/asociacion-empresarios\\\/growup\\\/\"]}]},{\"@type\":\"ImageObject\",\"inLanguage\":\"es\",\"@id\":\"https:\\\/\\\/aerca.org.ar\\\/asociacion-empresarios\\\/growup\\\/#primaryimage\",\"url\":\"https:\\\/\\\/i0.wp.com\\\/aerca.org.ar\\\/asociacion-empresarios\\\/wp-content\\\/uploads\\\/2026\\\/08\\\/2026-08-27-3.png?fit=812%2C307&ssl=1\",\"contentUrl\":\"https:\\\/\\\/i0.wp.com\\\/aerca.org.ar\\\/asociacion-empresarios\\\/wp-content\\\/uploads\\\/2026\\\/08\\\/2026-08-27-3.png?fit=812%2C307&ssl=1\",\"width\":812,\"height\":307},{\"@type\":\"BreadcrumbList\",\"@id\":\"https:\\\/\\\/aerca.org.ar\\\/asociacion-empresarios\\\/growup\\\/#breadcrumb\",\"itemListElement\":[{\"@type\":\"ListItem\",\"position\":1,\"name\":\"Portada\",\"item\":\"https:\\\/\\\/aerca.org.ar\\\/asociacion-empresarios\\\/\"},{\"@type\":\"ListItem\",\"position\":2,\"name\":\"GROWUP\"}]},{\"@type\":\"WebSite\",\"@id\":\"https:\\\/\\\/aerca.org.ar\\\/asociacion-empresarios\\\/#website\",\"url\":\"https:\\\/\\\/aerca.org.ar\\\/asociacion-empresarios\\\/\",\"name\":\"AERCA\",\"description\":\"Asociacion de Empresarios de la Region Centro Argentina\",\"publisher\":{\"@id\":\"https:\\\/\\\/aerca.org.ar\\\/asociacion-empresarios\\\/#organization\"},\"potentialAction\":[{\"@type\":\"SearchAction\",\"target\":{\"@type\":\"EntryPoint\",\"urlTemplate\":\"https:\\\/\\\/aerca.org.ar\\\/asociacion-empresarios\\\/?s={search_term_string}\"},\"query-input\":{\"@type\":\"PropertyValueSpecification\",\"valueRequired\":true,\"valueName\":\"search_term_string\"}}],\"inLanguage\":\"es\"},{\"@type\":\"Organization\",\"@id\":\"https:\\\/\\\/aerca.org.ar\\\/asociacion-empresarios\\\/#organization\",\"name\":\"AERCA\",\"url\":\"https:\\\/\\\/aerca.org.ar\\\/asociacion-empresarios\\\/\",\"logo\":{\"@type\":\"ImageObject\",\"inLanguage\":\"es\",\"@id\":\"https:\\\/\\\/aerca.org.ar\\\/asociacion-empresarios\\\/#\\\/schema\\\/logo\\\/image\\\/\",\"url\":\"https:\\\/\\\/aerca.org.ar\\\/asociacion-empresarios\\\/wp-content\\\/uploads\\\/2025\\\/09\\\/logo-aerca-95-anos-scaled.png\",\"contentUrl\":\"https:\\\/\\\/aerca.org.ar\\\/asociacion-empresarios\\\/wp-content\\\/uploads\\\/2025\\\/09\\\/logo-aerca-95-anos-scaled.png\",\"width\":2560,\"height\":569,\"caption\":\"AERCA\"},\"image\":{\"@id\":\"https:\\\/\\\/aerca.org.ar\\\/asociacion-empresarios\\\/#\\\/schema\\\/logo\\\/image\\\/\"},\"sameAs\":[\"https:\\\/\\\/www.facebook.com\\\/aercavm\",\"https:\\\/\\\/x.com\\\/aercavm\",\"https:\\\/\\\/www.youtube.com\\\/@aercavm\",\"https:\\\/\\\/www.instagram.com\\\/aercavm\\\/\"]},{\"@type\":\"Person\",\"@id\":\"https:\\\/\\\/aerca.org.ar\\\/asociacion-empresarios\\\/#\\\/schema\\\/person\\\/237b060250ebaba17c2f6d8a91387b61\",\"name\":\"aerca\",\"image\":{\"@type\":\"ImageObject\",\"inLanguage\":\"es\",\"@id\":\"https:\\\/\\\/secure.gravatar.com\\\/avatar\\\/e94c0d9a6293492141d0a7abfff08538e62a3af4f4eafbb4083f2bbc81c0b0f0?s=96&d=mm&r=g\",\"url\":\"https:\\\/\\\/secure.gravatar.com\\\/avatar\\\/e94c0d9a6293492141d0a7abfff08538e62a3af4f4eafbb4083f2bbc81c0b0f0?s=96&d=mm&r=g\",\"contentUrl\":\"https:\\\/\\\/secure.gravatar.com\\\/avatar\\\/e94c0d9a6293492141d0a7abfff08538e62a3af4f4eafbb4083f2bbc81c0b0f0?s=96&d=mm&r=g\",\"caption\":\"aerca\"},\"url\":\"https:\\\/\\\/aerca.org.ar\\\/asociacion-empresarios\\\/author\\\/aerca\\\/\"}]}<\/script>\n<!-- \/ Yoast SEO plugin. -->","yoast_head_json":{"title":"GROWUP - AERCA","robots":{"index":"index","follow":"follow","max-snippet":"max-snippet:-1","max-image-preview":"max-image-preview:large","max-video-preview":"max-video-preview:-1"},"canonical":"https:\/\/aerca.org.ar\/asociacion-empresarios\/growup\/","og_locale":"es_ES","og_type":"article","og_title":"GROWUP - AERCA","og_description":"Aprovech\u00e1 los beneficios exclusivos para socios de AERCA: Gesti\u00f3n Integral de Registro de Marca 15% de descuento sobre los honorarios profesionales. El servicio incluye: -B\u00fasqueda de antecedentes e informe de [&hellip;]","og_url":"https:\/\/aerca.org.ar\/asociacion-empresarios\/growup\/","og_site_name":"AERCA","article_publisher":"https:\/\/www.facebook.com\/aercavm","article_published_time":"2026-08-27T15:14:32+00:00","article_modified_time":"2026-08-27T15:14:36+00:00","og_image":[{"width":812,"height":307,"url":"https:\/\/aerca.org.ar\/asociacion-empresarios\/wp-content\/uploads\/2026\/08\/2026-08-27-3.png","type":"image\/png"}],"author":"aerca","twitter_card":"summary_large_image","twitter_creator":"@aercavm","twitter_site":"@aercavm","twitter_misc":{"Escrito por":"aerca","Tiempo de lectura":"1 minuto"},"schema":{"@context":"https:\/\/schema.org","@graph":[{"@type":"Article","@id":"https:\/\/aerca.org.ar\/asociacion-empresarios\/growup\/#article","isPartOf":{"@id":"https:\/\/aerca.org.ar\/asociacion-empresarios\/growup\/"},"author":{"name":"aerca","@id":"https:\/\/aerca.org.ar\/asociacion-empresarios\/#\/schema\/person\/237b060250ebaba17c2f6d8a91387b61"},"headline":"GROWUP","datePublished":"2026-08-27T15:14:32+00:00","dateModified":"2026-08-27T15:14:36+00:00","mainEntityOfPage":{"@id":"https:\/\/aerca.org.ar\/asociacion-empresarios\/growup\/"},"wordCount":106,"commentCount":0,"publisher":{"@id":"https:\/\/aerca.org.ar\/asociacion-empresarios\/#organization"},"image":{"@id":"https:\/\/aerca.org.ar\/asociacion-empresarios\/growup\/#primaryimage"},"thumbnailUrl":"https:\/\/i0.wp.com\/aerca.org.ar\/asociacion-empresarios\/wp-content\/uploads\/2026\/08\/2026-08-27-3.png?fit=812%2C307&ssl=1","keywords":["Comercio y Servicios"],"articleSection":["Convenios"],"inLanguage":"es","potentialAction":[{"@type":"CommentAction","name":"Comment","target":["https:\/\/aerca.org.ar\/asociacion-empresarios\/growup\/#respond"]}]},{"@type":"WebPage","@id":"https:\/\/aerca.org.ar\/asociacion-empresarios\/growup\/","url":"https:\/\/aerca.org.ar\/asociacion-empresarios\/growup\/","name":"GROWUP - AERCA","isPartOf":{"@id":"https:\/\/aerca.org.ar\/asociacion-empresarios\/#website"},"primaryImageOfPage":{"@id":"https:\/\/aerca.org.ar\/asociacion-empresarios\/growup\/#primaryimage"},"image":{"@id":"https:\/\/aerca.org.ar\/asociacion-empresarios\/growup\/#primaryimage"},"thumbnailUrl":"https:\/\/i0.wp.com\/aerca.org.ar\/asociacion-empresarios\/wp-content\/uploads\/2026\/08\/2026-08-27-3.png?fit=812%2C307&ssl=1","datePublished":"2026-08-27T15:14:32+00:00","dateModified":"2026-08-27T15:14:36+00:00","breadcrumb":{"@id":"https:\/\/aerca.org.ar\/asociacion-empresarios\/growup\/#breadcrumb"},"inLanguage":"es","potentialAction":[{"@type":"ReadAction","target":["https:\/\/aerca.org.ar\/asociacion-empresarios\/growup\/"]}]},{"@type":"ImageObject","inLanguage":"es","@id":"https:\/\/aerca.org.ar\/asociacion-empresarios\/growup\/#primaryimage","url":"https:\/\/i0.wp.com\/aerca.org.ar\/asociacion-empresarios\/wp-content\/uploads\/2026\/08\/2026-08-27-3.png?fit=812%2C307&ssl=1","contentUrl":"https:\/\/i0.wp.com\/aerca.org.ar\/asociacion-empresarios\/wp-content\/uploads\/2026\/08\/2026-08-27-3.png?fit=812%2C307&ssl=1","width":812,"height":307},{"@type":"BreadcrumbList","@id":"https:\/\/aerca.org.ar\/asociacion-empresarios\/growup\/#breadcrumb","itemListElement":[{"@type":"ListItem","position":1,"name":"Portada","item":"https:\/\/aerca.org.ar\/asociacion-empresarios\/"},{"@type":"ListItem","position":2,"name":"GROWUP"}]},{"@type":"WebSite","@id":"https:\/\/aerca.org.ar\/asociacion-empresarios\/#website","url":"https:\/\/aerca.org.ar\/asociacion-empresarios\/","name":"AERCA","description":"Asociacion de Empresarios de la Region Centro Argentina","publisher":{"@id":"https:\/\/aerca.org.ar\/asociacion-empresarios\/#organization"},"potentialAction":[{"@type":"SearchAction","target":{"@type":"EntryPoint","urlTemplate":"https:\/\/aerca.org.ar\/asociacion-empresarios\/?s={search_term_string}"},"query-input":{"@type":"PropertyValueSpecification","valueRequired":true,"valueName":"search_term_string"}}],"inLanguage":"es"},{"@type":"Organization","@id":"https:\/\/aerca.org.ar\/asociacion-empresarios\/#organization","name":"AERCA","url":"https:\/\/aerca.org.ar\/asociacion-empresarios\/","logo":{"@type":"ImageObject","inLanguage":"es","@id":"https:\/\/aerca.org.ar\/asociacion-empresarios\/#\/schema\/logo\/image\/","url":"https:\/\/aerca.org.ar\/asociacion-empresarios\/wp-content\/uploads\/2025\/09\/logo-aerca-95-anos-scaled.png","contentUrl":"https:\/\/aerca.org.ar\/asociacion-empresarios\/wp-content\/uploads\/2025\/09\/logo-aerca-95-anos-scaled.png","width":2560,"height":569,"caption":"AERCA"},"image":{"@id":"https:\/\/aerca.org.ar\/asociacion-empresarios\/#\/schema\/logo\/image\/"},"sameAs":["https:\/\/www.facebook.com\/aercavm","https:\/\/x.com\/aercavm","https:\/\/www.youtube.com\/@aercavm","https:\/\/www.instagram.com\/aercavm\/"]},{"@type":"Person","@id":"https:\/\/aerca.org.ar\/asociacion-empresarios\/#\/schema\/person\/237b060250ebaba17c2f6d8a91387b61","name":"aerca","image":{"@type":"ImageObject","inLanguage":"es","@id":"https:\/\/secure.gravatar.com\/avatar\/e94c0d9a6293492141d0a7abfff08538e62a3af4f4eafbb4083f2bbc81c0b0f0?s=96&d=mm&r=g","url":"https:\/\/secure.gravatar.com\/avatar\/e94c0d9a6293492141d0a7abfff08538e62a3af4f4eafbb4083f2bbc81c0b0f0?s=96&d=mm&r=g","contentUrl":"https:\/\/secure.gravatar.com\/avatar\/e94c0d9a6293492141d0a7abfff08538e62a3af4f4eafbb4083f2bbc81c0b0f0?s=96&d=mm&r=g","caption":"aerca"},"url":"https:\/\/aerca.org.ar\/asociacion-empresarios\/author\/aerca\/"}]}},"jetpack_sharing_enabled":true,"jetpack_featured_media_url":"https:\/\/i0.wp.com\/aerca.org.ar\/asociacion-empresarios\/wp-content\/uploads\/2026\/08\/2026-08-27-3.png?fit=812%2C307&ssl=1","_links":{"self":[{"href":"https:\/\/aerca.org.ar\/asociacion-empresarios\/wp-json\/wp\/v2\/posts\/3693","targetHints":{"allow":["GET"]}}],"collection":[{"href":"https:\/\/aerca.org.ar\/asociacion-empresarios\/wp-json\/wp\/v2\/posts"}],"about":[{"href":"https:\/\/aerca.org.ar\/asociacion-empresarios\/wp-json\/wp\/v2\/types\/post"}],"author":[{"embeddable":true,"href":"https:\/\/aerca.org.ar\/asociacion-empresarios\/wp-json\/wp\/v2\/users\/2"}],"replies":[{"embeddable":true,"href":"https:\/\/aerca.org.ar\/asociacion-empresarios\/wp-json\/wp\/v2\/comments?post=3693"}],"version-history":[{"count":1,"href":"https:\/\/aerca.org.ar\/asociacion-empresarios\/wp-json\/wp\/v2\/posts\/3693\/revisions"}],"predecessor-version":[{"id":3695,"href":"https:\/\/aerca.org.ar\/asociacion-empresarios\/wp-json\/wp\/v2\/posts\/3693\/revisions\/3695"}],"wp:featuredmedia":[{"embeddable":true,"href":"https:\/\/aerca.org.ar\/asociacion-empresarios\/wp-json\/wp\/v2\/media\/3694"}],"wp:attachment":[{"href":"https:\/\/aerca.org.ar\/asociacion-empresarios\/wp-json\/wp\/v2\/media?parent=3693"}],"wp:term":[{"taxonomy":"category","embeddable":true,"href":"https:\/\/aerca.org.ar\/asociacion-empresarios\/wp-json\/wp\/v2\/categories?post=3693"},{"taxonomy":"post_tag","embeddable":true,"href":"https:\/\/aerca.org.ar\/asociacion-empresarios\/wp-json\/wp\/v2\/tags?post=3693"}],"curies":[{"name":"wp","href":"https:\/\/api.w.org\/{rel}","templated":true}]}}