{"id":2795,"date":"2026-04-21T14:27:19","date_gmt":"2026-04-21T14:27:19","guid":{"rendered":"https:\/\/aerca.org.ar\/asociacion-empresarios\/?p=2795"},"modified":"2026-04-21T14:27:21","modified_gmt":"2026-04-21T14:27:21","slug":"beneficios-exclusivos-para-socios-en-academia-de-la-industria-para-potenciar-la-formacion-tecnica","status":"publish","type":"post","link":"https:\/\/aerca.org.ar\/asociacion-empresarios\/beneficios-exclusivos-para-socios-en-academia-de-la-industria-para-potenciar-la-formacion-tecnica\/","title":{"rendered":"Beneficios exclusivos para socios en Academia de la Industria para potenciar la formaci\u00f3n t\u00e9cnica"},"content":{"rendered":"\n<p>En la reciente presentaci\u00f3n de la Academia de la Industria realizada en la sede de AERCA, el encuentro tuvo como eje central dar a conocer una propuesta formativa dise\u00f1ada para elevar la competitividad y eficiencia en las empresas de la regi\u00f3n. En este marco, se anunci\u00f3 que los integrantes de la entidad cuentan con un beneficio diferencial: una bonificaci\u00f3n del 25% en el total de los aranceles de los trayectos educativos. Adem\u00e1s, se compartieron otros beneficios como descuentos para capacitaciones corporativas, facilitando el acceso a herramientas t\u00e9cnicas con condiciones preferenciales.<\/p>\n\n\n\n<p><br>La Academia de la Industria es una iniciativa liderada por la Uni\u00f3n Industrial de C\u00f3rdoba (UIC), desarrollada en alianza estrat\u00e9gica con Capabilia y con proyecci\u00f3n internacional a trav\u00e9s de Cerem Global Business School (CEREM). El prop\u00f3sito de esta plataforma es la aceleraci\u00f3n de resultados reales en productividad, costos y transformaci\u00f3n digital, con contenidos dise\u00f1ados por expertos que hoy lideran operaciones en empresas de primer nivel.<\/p>\n\n\n\n<p><br><strong>Formaci\u00f3n aplicada y flexible<\/strong><br>La oferta acad\u00e9mica actual cuenta con un cat\u00e1logo de 8 certificaciones de 4 meses y 33 cursos cortos de 1 mes, cubriendo verticales estrat\u00e9gicas como:<br>\u2022 Productividad y Eficiencia Industrial: mejora de procesos y control de KPIs.<br>\u2022 Finanzas e Industria: gesti\u00f3n de costos y rentabilidad.<br>\u2022 Tecnolog\u00eda 4.0: Inteligencia Artificial aplicada y automatizaci\u00f3n de procesos.<br>\u2022 Supply Chain: gesti\u00f3n de abastecimiento y cadena de suministro.<br>\u2022 Liderazgo: bienestar laboral y salud psicosocial.<\/p>\n\n\n\n<p><br>La modalidad de cursado es 100% online, asincr\u00f3nica y asistida, lo que permite a los participantes avanzar a su propio ritmo. Un punto clave es la validez de los certificados, que cuentan con el respaldo de la UIC y, en el caso de los trayectos compartidos con CEREM, poseen alcance global. Los programas inician el 10 de cada mes. Los interesados en validar su beneficio de socio pueden realizar sus consultas directamente a la C\u00e1mara de Industria de AERCA, comunic\u00e1ndose al <a href=\"https:\/\/wa.link\/1whmw2\" type=\"link\" id=\"https:\/\/wa.link\/1whmw2\">3534 78-1270<\/a> o acerc\u00e1ndose a las instalaciones de nuestra gremial (San Juan 1369, Villa Mar\u00eda).<\/p>\n\n\n\n<p><br>De la presentaci\u00f3n particip\u00f3 el vicepresidente de la UIC, Marcelo Uribarren y el director de Capabilia, Fernando Sibilla. Sobre la Academia de la Industria, el vicepresidente de la gremial provincial, mencion\u00f3: \u201cCuando empezamos a tantear cu\u00e1les son los dolores de la industria hoy, todos est\u00e1n referidos a la competitividad. Eso est\u00e1 claro. Hemos cambiado de sistema econ\u00f3mico, la adaptaci\u00f3n a ese nuevo sistema nos trae muchas complicaciones porque no est\u00e1bamos acostumbrados\u201d.<br>En este sentido, afirm\u00f3: \u201cHay cuestiones externas que tienen que ver con rutas, aspectos impositivos o alg\u00fan otro tipo que no est\u00e1 en el \u00e1mbito de soluci\u00f3n interna de cada empresa. Pero cuando nos metemos para saber cu\u00e1les son las necesidades reales, la capacitaci\u00f3n de esos mandos medios para adaptarlos a esta nueva era es vital y fundamental.\u00bb<\/p>\n\n\n\n<p><\/p>\n","protected":false},"excerpt":{"rendered":"<p>Las empresas socias y sus colaboradores podr\u00e1n acceder a una bonificaci\u00f3n del 25% en la oferta acad\u00e9mica desarrollada por la UIC, una propuesta que busca profesionalizar el talento regional y mejorar la competitividad del sector productivo.<\/p>\n","protected":false},"author":5,"featured_media":2796,"comment_status":"open","ping_status":"open","sticky":false,"template":"","format":"standard","meta":{"_jetpack_memberships_contains_paid_content":false,"footnotes":""},"categories":[1],"tags":[],"class_list":["post-2795","post","type-post","status-publish","format-standard","has-post-thumbnail","hentry","category-sin-categoria"],"yoast_head":"<!-- This site is optimized with the Yoast SEO plugin v27.4 - https:\/\/yoast.com\/product\/yoast-seo-wordpress\/ -->\n<title>Beneficios exclusivos para socios en Academia de la Industria para potenciar la formaci\u00f3n t\u00e9cnica - AERCA<\/title>\n<meta name=\"robots\" content=\"index, follow, max-snippet:-1, max-image-preview:large, max-video-preview:-1\" \/>\n<link rel=\"canonical\" href=\"https:\/\/aerca.org.ar\/asociacion-empresarios\/beneficios-exclusivos-para-socios-en-academia-de-la-industria-para-potenciar-la-formacion-tecnica\/\" \/>\n<meta property=\"og:locale\" content=\"es_ES\" \/>\n<meta property=\"og:type\" content=\"article\" \/>\n<meta property=\"og:title\" content=\"Beneficios exclusivos para socios en Academia de la Industria para potenciar la formaci\u00f3n t\u00e9cnica - AERCA\" \/>\n<meta property=\"og:description\" content=\"Las empresas socias y sus colaboradores podr\u00e1n acceder a una bonificaci\u00f3n del 25% en la oferta acad\u00e9mica desarrollada por la UIC, una propuesta que busca profesionalizar el talento regional y mejorar la competitividad del sector productivo.\" \/>\n<meta property=\"og:url\" content=\"https:\/\/aerca.org.ar\/asociacion-empresarios\/beneficios-exclusivos-para-socios-en-academia-de-la-industria-para-potenciar-la-formacion-tecnica\/\" \/>\n<meta property=\"og:site_name\" content=\"AERCA\" \/>\n<meta property=\"article:publisher\" content=\"https:\/\/www.facebook.com\/aercavm\" \/>\n<meta property=\"article:published_time\" content=\"2026-04-21T14:27:19+00:00\" \/>\n<meta property=\"article:modified_time\" content=\"2026-04-21T14:27:21+00:00\" \/>\n<meta property=\"og:image\" content=\"https:\/\/aerca.org.ar\/asociacion-empresarios\/wp-content\/uploads\/2026\/04\/NOTICIAS-14.jpg\" \/>\n\t<meta property=\"og:image:width\" content=\"900\" \/>\n\t<meta property=\"og:image:height\" content=\"490\" \/>\n\t<meta property=\"og:image:type\" content=\"image\/jpeg\" \/>\n<meta name=\"author\" content=\"Comunicacion AERCA\" \/>\n<meta name=\"twitter:card\" content=\"summary_large_image\" \/>\n<meta name=\"twitter:creator\" content=\"@aercavm\" \/>\n<meta name=\"twitter:site\" content=\"@aercavm\" \/>\n<meta name=\"twitter:label1\" content=\"Escrito por\" \/>\n\t<meta name=\"twitter:data1\" content=\"Comunicacion AERCA\" \/>\n\t<meta name=\"twitter:label2\" content=\"Tiempo de lectura\" \/>\n\t<meta name=\"twitter:data2\" content=\"3 minutos\" \/>\n<script type=\"application\/ld+json\" class=\"yoast-schema-graph\">{\"@context\":\"https:\\\/\\\/schema.org\",\"@graph\":[{\"@type\":\"Article\",\"@id\":\"https:\\\/\\\/aerca.org.ar\\\/asociacion-empresarios\\\/beneficios-exclusivos-para-socios-en-academia-de-la-industria-para-potenciar-la-formacion-tecnica\\\/#article\",\"isPartOf\":{\"@id\":\"https:\\\/\\\/aerca.org.ar\\\/asociacion-empresarios\\\/beneficios-exclusivos-para-socios-en-academia-de-la-industria-para-potenciar-la-formacion-tecnica\\\/\"},\"author\":{\"name\":\"Comunicacion AERCA\",\"@id\":\"https:\\\/\\\/aerca.org.ar\\\/asociacion-empresarios\\\/#\\\/schema\\\/person\\\/d3878682d3edfef906c89a20da49e15e\"},\"headline\":\"Beneficios exclusivos para socios en Academia de la Industria para potenciar la formaci\u00f3n t\u00e9cnica\",\"datePublished\":\"2026-04-21T14:27:19+00:00\",\"dateModified\":\"2026-04-21T14:27:21+00:00\",\"mainEntityOfPage\":{\"@id\":\"https:\\\/\\\/aerca.org.ar\\\/asociacion-empresarios\\\/beneficios-exclusivos-para-socios-en-academia-de-la-industria-para-potenciar-la-formacion-tecnica\\\/\"},\"wordCount\":496,\"commentCount\":0,\"publisher\":{\"@id\":\"https:\\\/\\\/aerca.org.ar\\\/asociacion-empresarios\\\/#organization\"},\"image\":{\"@id\":\"https:\\\/\\\/aerca.org.ar\\\/asociacion-empresarios\\\/beneficios-exclusivos-para-socios-en-academia-de-la-industria-para-potenciar-la-formacion-tecnica\\\/#primaryimage\"},\"thumbnailUrl\":\"https:\\\/\\\/aerca.org.ar\\\/asociacion-empresarios\\\/wp-content\\\/uploads\\\/2026\\\/04\\\/NOTICIAS-14.jpg\",\"inLanguage\":\"es\",\"potentialAction\":[{\"@type\":\"CommentAction\",\"name\":\"Comment\",\"target\":[\"https:\\\/\\\/aerca.org.ar\\\/asociacion-empresarios\\\/beneficios-exclusivos-para-socios-en-academia-de-la-industria-para-potenciar-la-formacion-tecnica\\\/#respond\"]}]},{\"@type\":\"WebPage\",\"@id\":\"https:\\\/\\\/aerca.org.ar\\\/asociacion-empresarios\\\/beneficios-exclusivos-para-socios-en-academia-de-la-industria-para-potenciar-la-formacion-tecnica\\\/\",\"url\":\"https:\\\/\\\/aerca.org.ar\\\/asociacion-empresarios\\\/beneficios-exclusivos-para-socios-en-academia-de-la-industria-para-potenciar-la-formacion-tecnica\\\/\",\"name\":\"Beneficios exclusivos para socios en Academia de la Industria para potenciar la formaci\u00f3n t\u00e9cnica - AERCA\",\"isPartOf\":{\"@id\":\"https:\\\/\\\/aerca.org.ar\\\/asociacion-empresarios\\\/#website\"},\"primaryImageOfPage\":{\"@id\":\"https:\\\/\\\/aerca.org.ar\\\/asociacion-empresarios\\\/beneficios-exclusivos-para-socios-en-academia-de-la-industria-para-potenciar-la-formacion-tecnica\\\/#primaryimage\"},\"image\":{\"@id\":\"https:\\\/\\\/aerca.org.ar\\\/asociacion-empresarios\\\/beneficios-exclusivos-para-socios-en-academia-de-la-industria-para-potenciar-la-formacion-tecnica\\\/#primaryimage\"},\"thumbnailUrl\":\"https:\\\/\\\/aerca.org.ar\\\/asociacion-empresarios\\\/wp-content\\\/uploads\\\/2026\\\/04\\\/NOTICIAS-14.jpg\",\"datePublished\":\"2026-04-21T14:27:19+00:00\",\"dateModified\":\"2026-04-21T14:27:21+00:00\",\"breadcrumb\":{\"@id\":\"https:\\\/\\\/aerca.org.ar\\\/asociacion-empresarios\\\/beneficios-exclusivos-para-socios-en-academia-de-la-industria-para-potenciar-la-formacion-tecnica\\\/#breadcrumb\"},\"inLanguage\":\"es\",\"potentialAction\":[{\"@type\":\"ReadAction\",\"target\":[\"https:\\\/\\\/aerca.org.ar\\\/asociacion-empresarios\\\/beneficios-exclusivos-para-socios-en-academia-de-la-industria-para-potenciar-la-formacion-tecnica\\\/\"]}]},{\"@type\":\"ImageObject\",\"inLanguage\":\"es\",\"@id\":\"https:\\\/\\\/aerca.org.ar\\\/asociacion-empresarios\\\/beneficios-exclusivos-para-socios-en-academia-de-la-industria-para-potenciar-la-formacion-tecnica\\\/#primaryimage\",\"url\":\"https:\\\/\\\/aerca.org.ar\\\/asociacion-empresarios\\\/wp-content\\\/uploads\\\/2026\\\/04\\\/NOTICIAS-14.jpg\",\"contentUrl\":\"https:\\\/\\\/aerca.org.ar\\\/asociacion-empresarios\\\/wp-content\\\/uploads\\\/2026\\\/04\\\/NOTICIAS-14.jpg\",\"width\":900,\"height\":490},{\"@type\":\"BreadcrumbList\",\"@id\":\"https:\\\/\\\/aerca.org.ar\\\/asociacion-empresarios\\\/beneficios-exclusivos-para-socios-en-academia-de-la-industria-para-potenciar-la-formacion-tecnica\\\/#breadcrumb\",\"itemListElement\":[{\"@type\":\"ListItem\",\"position\":1,\"name\":\"Portada\",\"item\":\"https:\\\/\\\/aerca.org.ar\\\/asociacion-empresarios\\\/\"},{\"@type\":\"ListItem\",\"position\":2,\"name\":\"Beneficios exclusivos para socios en Academia de la Industria para potenciar la formaci\u00f3n t\u00e9cnica\"}]},{\"@type\":\"WebSite\",\"@id\":\"https:\\\/\\\/aerca.org.ar\\\/asociacion-empresarios\\\/#website\",\"url\":\"https:\\\/\\\/aerca.org.ar\\\/asociacion-empresarios\\\/\",\"name\":\"AERCA\",\"description\":\"Asociacion de Empresarios de la Region Centro Argentina\",\"publisher\":{\"@id\":\"https:\\\/\\\/aerca.org.ar\\\/asociacion-empresarios\\\/#organization\"},\"potentialAction\":[{\"@type\":\"SearchAction\",\"target\":{\"@type\":\"EntryPoint\",\"urlTemplate\":\"https:\\\/\\\/aerca.org.ar\\\/asociacion-empresarios\\\/?s={search_term_string}\"},\"query-input\":{\"@type\":\"PropertyValueSpecification\",\"valueRequired\":true,\"valueName\":\"search_term_string\"}}],\"inLanguage\":\"es\"},{\"@type\":\"Organization\",\"@id\":\"https:\\\/\\\/aerca.org.ar\\\/asociacion-empresarios\\\/#organization\",\"name\":\"AERCA\",\"url\":\"https:\\\/\\\/aerca.org.ar\\\/asociacion-empresarios\\\/\",\"logo\":{\"@type\":\"ImageObject\",\"inLanguage\":\"es\",\"@id\":\"https:\\\/\\\/aerca.org.ar\\\/asociacion-empresarios\\\/#\\\/schema\\\/logo\\\/image\\\/\",\"url\":\"https:\\\/\\\/aerca.org.ar\\\/asociacion-empresarios\\\/wp-content\\\/uploads\\\/2025\\\/09\\\/logo-aerca-95-anos-scaled.png\",\"contentUrl\":\"https:\\\/\\\/aerca.org.ar\\\/asociacion-empresarios\\\/wp-content\\\/uploads\\\/2025\\\/09\\\/logo-aerca-95-anos-scaled.png\",\"width\":2560,\"height\":569,\"caption\":\"AERCA\"},\"image\":{\"@id\":\"https:\\\/\\\/aerca.org.ar\\\/asociacion-empresarios\\\/#\\\/schema\\\/logo\\\/image\\\/\"},\"sameAs\":[\"https:\\\/\\\/www.facebook.com\\\/aercavm\",\"https:\\\/\\\/x.com\\\/aercavm\",\"https:\\\/\\\/www.youtube.com\\\/@aercavm\",\"https:\\\/\\\/www.instagram.com\\\/aercavm\\\/\"]},{\"@type\":\"Person\",\"@id\":\"https:\\\/\\\/aerca.org.ar\\\/asociacion-empresarios\\\/#\\\/schema\\\/person\\\/d3878682d3edfef906c89a20da49e15e\",\"name\":\"Comunicacion AERCA\",\"image\":{\"@type\":\"ImageObject\",\"inLanguage\":\"es\",\"@id\":\"https:\\\/\\\/secure.gravatar.com\\\/avatar\\\/4dab48e9df29bcecdd2373c6d081ec5abaaf0366a122768f4f78f20f74b93d87?s=96&d=mm&r=g\",\"url\":\"https:\\\/\\\/secure.gravatar.com\\\/avatar\\\/4dab48e9df29bcecdd2373c6d081ec5abaaf0366a122768f4f78f20f74b93d87?s=96&d=mm&r=g\",\"contentUrl\":\"https:\\\/\\\/secure.gravatar.com\\\/avatar\\\/4dab48e9df29bcecdd2373c6d081ec5abaaf0366a122768f4f78f20f74b93d87?s=96&d=mm&r=g\",\"caption\":\"Comunicacion AERCA\"},\"url\":\"https:\\\/\\\/aerca.org.ar\\\/asociacion-empresarios\\\/author\\\/aerca_com\\\/\"}]}<\/script>\n<!-- \/ Yoast SEO plugin. -->","yoast_head_json":{"title":"Beneficios exclusivos para socios en Academia de la Industria para potenciar la formaci\u00f3n t\u00e9cnica - AERCA","robots":{"index":"index","follow":"follow","max-snippet":"max-snippet:-1","max-image-preview":"max-image-preview:large","max-video-preview":"max-video-preview:-1"},"canonical":"https:\/\/aerca.org.ar\/asociacion-empresarios\/beneficios-exclusivos-para-socios-en-academia-de-la-industria-para-potenciar-la-formacion-tecnica\/","og_locale":"es_ES","og_type":"article","og_title":"Beneficios exclusivos para socios en Academia de la Industria para potenciar la formaci\u00f3n t\u00e9cnica - AERCA","og_description":"Las empresas socias y sus colaboradores podr\u00e1n acceder a una bonificaci\u00f3n del 25% en la oferta acad\u00e9mica desarrollada por la UIC, una propuesta que busca profesionalizar el talento regional y mejorar la competitividad del sector productivo.","og_url":"https:\/\/aerca.org.ar\/asociacion-empresarios\/beneficios-exclusivos-para-socios-en-academia-de-la-industria-para-potenciar-la-formacion-tecnica\/","og_site_name":"AERCA","article_publisher":"https:\/\/www.facebook.com\/aercavm","article_published_time":"2026-04-21T14:27:19+00:00","article_modified_time":"2026-04-21T14:27:21+00:00","og_image":[{"width":900,"height":490,"url":"https:\/\/aerca.org.ar\/asociacion-empresarios\/wp-content\/uploads\/2026\/04\/NOTICIAS-14.jpg","type":"image\/jpeg"}],"author":"Comunicacion AERCA","twitter_card":"summary_large_image","twitter_creator":"@aercavm","twitter_site":"@aercavm","twitter_misc":{"Escrito por":"Comunicacion AERCA","Tiempo de lectura":"3 minutos"},"schema":{"@context":"https:\/\/schema.org","@graph":[{"@type":"Article","@id":"https:\/\/aerca.org.ar\/asociacion-empresarios\/beneficios-exclusivos-para-socios-en-academia-de-la-industria-para-potenciar-la-formacion-tecnica\/#article","isPartOf":{"@id":"https:\/\/aerca.org.ar\/asociacion-empresarios\/beneficios-exclusivos-para-socios-en-academia-de-la-industria-para-potenciar-la-formacion-tecnica\/"},"author":{"name":"Comunicacion AERCA","@id":"https:\/\/aerca.org.ar\/asociacion-empresarios\/#\/schema\/person\/d3878682d3edfef906c89a20da49e15e"},"headline":"Beneficios exclusivos para socios en Academia de la Industria para potenciar la formaci\u00f3n t\u00e9cnica","datePublished":"2026-04-21T14:27:19+00:00","dateModified":"2026-04-21T14:27:21+00:00","mainEntityOfPage":{"@id":"https:\/\/aerca.org.ar\/asociacion-empresarios\/beneficios-exclusivos-para-socios-en-academia-de-la-industria-para-potenciar-la-formacion-tecnica\/"},"wordCount":496,"commentCount":0,"publisher":{"@id":"https:\/\/aerca.org.ar\/asociacion-empresarios\/#organization"},"image":{"@id":"https:\/\/aerca.org.ar\/asociacion-empresarios\/beneficios-exclusivos-para-socios-en-academia-de-la-industria-para-potenciar-la-formacion-tecnica\/#primaryimage"},"thumbnailUrl":"https:\/\/aerca.org.ar\/asociacion-empresarios\/wp-content\/uploads\/2026\/04\/NOTICIAS-14.jpg","inLanguage":"es","potentialAction":[{"@type":"CommentAction","name":"Comment","target":["https:\/\/aerca.org.ar\/asociacion-empresarios\/beneficios-exclusivos-para-socios-en-academia-de-la-industria-para-potenciar-la-formacion-tecnica\/#respond"]}]},{"@type":"WebPage","@id":"https:\/\/aerca.org.ar\/asociacion-empresarios\/beneficios-exclusivos-para-socios-en-academia-de-la-industria-para-potenciar-la-formacion-tecnica\/","url":"https:\/\/aerca.org.ar\/asociacion-empresarios\/beneficios-exclusivos-para-socios-en-academia-de-la-industria-para-potenciar-la-formacion-tecnica\/","name":"Beneficios exclusivos para socios en Academia de la Industria para potenciar la formaci\u00f3n t\u00e9cnica - AERCA","isPartOf":{"@id":"https:\/\/aerca.org.ar\/asociacion-empresarios\/#website"},"primaryImageOfPage":{"@id":"https:\/\/aerca.org.ar\/asociacion-empresarios\/beneficios-exclusivos-para-socios-en-academia-de-la-industria-para-potenciar-la-formacion-tecnica\/#primaryimage"},"image":{"@id":"https:\/\/aerca.org.ar\/asociacion-empresarios\/beneficios-exclusivos-para-socios-en-academia-de-la-industria-para-potenciar-la-formacion-tecnica\/#primaryimage"},"thumbnailUrl":"https:\/\/aerca.org.ar\/asociacion-empresarios\/wp-content\/uploads\/2026\/04\/NOTICIAS-14.jpg","datePublished":"2026-04-21T14:27:19+00:00","dateModified":"2026-04-21T14:27:21+00:00","breadcrumb":{"@id":"https:\/\/aerca.org.ar\/asociacion-empresarios\/beneficios-exclusivos-para-socios-en-academia-de-la-industria-para-potenciar-la-formacion-tecnica\/#breadcrumb"},"inLanguage":"es","potentialAction":[{"@type":"ReadAction","target":["https:\/\/aerca.org.ar\/asociacion-empresarios\/beneficios-exclusivos-para-socios-en-academia-de-la-industria-para-potenciar-la-formacion-tecnica\/"]}]},{"@type":"ImageObject","inLanguage":"es","@id":"https:\/\/aerca.org.ar\/asociacion-empresarios\/beneficios-exclusivos-para-socios-en-academia-de-la-industria-para-potenciar-la-formacion-tecnica\/#primaryimage","url":"https:\/\/aerca.org.ar\/asociacion-empresarios\/wp-content\/uploads\/2026\/04\/NOTICIAS-14.jpg","contentUrl":"https:\/\/aerca.org.ar\/asociacion-empresarios\/wp-content\/uploads\/2026\/04\/NOTICIAS-14.jpg","width":900,"height":490},{"@type":"BreadcrumbList","@id":"https:\/\/aerca.org.ar\/asociacion-empresarios\/beneficios-exclusivos-para-socios-en-academia-de-la-industria-para-potenciar-la-formacion-tecnica\/#breadcrumb","itemListElement":[{"@type":"ListItem","position":1,"name":"Portada","item":"https:\/\/aerca.org.ar\/asociacion-empresarios\/"},{"@type":"ListItem","position":2,"name":"Beneficios exclusivos para socios en Academia de la Industria para potenciar la formaci\u00f3n t\u00e9cnica"}]},{"@type":"WebSite","@id":"https:\/\/aerca.org.ar\/asociacion-empresarios\/#website","url":"https:\/\/aerca.org.ar\/asociacion-empresarios\/","name":"AERCA","description":"Asociacion de Empresarios de la Region Centro Argentina","publisher":{"@id":"https:\/\/aerca.org.ar\/asociacion-empresarios\/#organization"},"potentialAction":[{"@type":"SearchAction","target":{"@type":"EntryPoint","urlTemplate":"https:\/\/aerca.org.ar\/asociacion-empresarios\/?s={search_term_string}"},"query-input":{"@type":"PropertyValueSpecification","valueRequired":true,"valueName":"search_term_string"}}],"inLanguage":"es"},{"@type":"Organization","@id":"https:\/\/aerca.org.ar\/asociacion-empresarios\/#organization","name":"AERCA","url":"https:\/\/aerca.org.ar\/asociacion-empresarios\/","logo":{"@type":"ImageObject","inLanguage":"es","@id":"https:\/\/aerca.org.ar\/asociacion-empresarios\/#\/schema\/logo\/image\/","url":"https:\/\/aerca.org.ar\/asociacion-empresarios\/wp-content\/uploads\/2025\/09\/logo-aerca-95-anos-scaled.png","contentUrl":"https:\/\/aerca.org.ar\/asociacion-empresarios\/wp-content\/uploads\/2025\/09\/logo-aerca-95-anos-scaled.png","width":2560,"height":569,"caption":"AERCA"},"image":{"@id":"https:\/\/aerca.org.ar\/asociacion-empresarios\/#\/schema\/logo\/image\/"},"sameAs":["https:\/\/www.facebook.com\/aercavm","https:\/\/x.com\/aercavm","https:\/\/www.youtube.com\/@aercavm","https:\/\/www.instagram.com\/aercavm\/"]},{"@type":"Person","@id":"https:\/\/aerca.org.ar\/asociacion-empresarios\/#\/schema\/person\/d3878682d3edfef906c89a20da49e15e","name":"Comunicacion AERCA","image":{"@type":"ImageObject","inLanguage":"es","@id":"https:\/\/secure.gravatar.com\/avatar\/4dab48e9df29bcecdd2373c6d081ec5abaaf0366a122768f4f78f20f74b93d87?s=96&d=mm&r=g","url":"https:\/\/secure.gravatar.com\/avatar\/4dab48e9df29bcecdd2373c6d081ec5abaaf0366a122768f4f78f20f74b93d87?s=96&d=mm&r=g","contentUrl":"https:\/\/secure.gravatar.com\/avatar\/4dab48e9df29bcecdd2373c6d081ec5abaaf0366a122768f4f78f20f74b93d87?s=96&d=mm&r=g","caption":"Comunicacion AERCA"},"url":"https:\/\/aerca.org.ar\/asociacion-empresarios\/author\/aerca_com\/"}]}},"jetpack_featured_media_url":"https:\/\/aerca.org.ar\/asociacion-empresarios\/wp-content\/uploads\/2026\/04\/NOTICIAS-14.jpg","jetpack_sharing_enabled":true,"_links":{"self":[{"href":"https:\/\/aerca.org.ar\/asociacion-empresarios\/wp-json\/wp\/v2\/posts\/2795","targetHints":{"allow":["GET"]}}],"collection":[{"href":"https:\/\/aerca.org.ar\/asociacion-empresarios\/wp-json\/wp\/v2\/posts"}],"about":[{"href":"https:\/\/aerca.org.ar\/asociacion-empresarios\/wp-json\/wp\/v2\/types\/post"}],"author":[{"embeddable":true,"href":"https:\/\/aerca.org.ar\/asociacion-empresarios\/wp-json\/wp\/v2\/users\/5"}],"replies":[{"embeddable":true,"href":"https:\/\/aerca.org.ar\/asociacion-empresarios\/wp-json\/wp\/v2\/comments?post=2795"}],"version-history":[{"count":1,"href":"https:\/\/aerca.org.ar\/asociacion-empresarios\/wp-json\/wp\/v2\/posts\/2795\/revisions"}],"predecessor-version":[{"id":2797,"href":"https:\/\/aerca.org.ar\/asociacion-empresarios\/wp-json\/wp\/v2\/posts\/2795\/revisions\/2797"}],"wp:featuredmedia":[{"embeddable":true,"href":"https:\/\/aerca.org.ar\/asociacion-empresarios\/wp-json\/wp\/v2\/media\/2796"}],"wp:attachment":[{"href":"https:\/\/aerca.org.ar\/asociacion-empresarios\/wp-json\/wp\/v2\/media?parent=2795"}],"wp:term":[{"taxonomy":"category","embeddable":true,"href":"https:\/\/aerca.org.ar\/asociacion-empresarios\/wp-json\/wp\/v2\/categories?post=2795"},{"taxonomy":"post_tag","embeddable":true,"href":"https:\/\/aerca.org.ar\/asociacion-empresarios\/wp-json\/wp\/v2\/tags?post=2795"}],"curies":[{"name":"wp","href":"https:\/\/api.w.org\/{rel}","templated":true}]}}