{"id":2775,"date":"2026-04-14T13:50:17","date_gmt":"2026-04-14T13:50:17","guid":{"rendered":"https:\/\/aerca.org.ar\/asociacion-empresarios\/?p=2775"},"modified":"2026-04-14T14:17:53","modified_gmt":"2026-04-14T14:17:53","slug":"aerca-impulsa-la-transformacion-de-la-gestion-comercial-en-el-sector-productivo","status":"publish","type":"post","link":"https:\/\/aerca.org.ar\/asociacion-empresarios\/aerca-impulsa-la-transformacion-de-la-gestion-comercial-en-el-sector-productivo\/","title":{"rendered":"AERCA impulsa la transformaci\u00f3n de la gesti\u00f3n comercial en el sector productivo"},"content":{"rendered":"\n<p>Nuestra entidad desarrolla un plan para la incorporaci\u00f3n de tecnolog\u00eda en pymes con el fin de fortalecer la competitividad regional. Este esquema busca proveer herramientas que aseguren la inserci\u00f3n de los comercios en los ecosistemas de venta no presencial de manera efectiva.<\/p>\n\n\n\n<p>En este marco, establecimos un v\u00ednculo de trabajo con Mercado Libre. La intenci\u00f3n institucional consiste en profundizar esta relaci\u00f3n a futuro y generar convenios con otras organizaciones de similares caracter\u00edsticas que permitan el acceso a beneficios para la masa societaria.<\/p>\n\n\n\n<p>Como primera l\u00ednea de acci\u00f3n, se concret\u00f3 el seminario \u00abWebinar nueva modalidad Mercado Libre Negocios\u00bb. La instancia cont\u00f3 con la exposici\u00f3n de Florencia Convertini, B2B Head Argentina en Mercado Libre, quien detall\u00f3 los procedimientos para la gesti\u00f3n de ventas y las actualizaciones operativas de la plataforma.<\/p>\n\n\n\n<p>Mercado Libre Negocios consiste en un ecosistema de soluciones para la administraci\u00f3n comercial. El sistema permite la centralizaci\u00f3n del control de inventarios, la gesti\u00f3n de procesos de log\u00edstica y el uso de herramientas de promoci\u00f3n para escalar el volumen de transacciones en el entorno digital. Este programa se orienta al abastecimiento corporativo, ya que facilita la adquisici\u00f3n de insumos y mercader\u00edas en grandes cantidades con escalas de precios diferenciadas por volumen. Adem\u00e1s, la plataforma permite la facturaci\u00f3n autom\u00e1tica seg\u00fan la condici\u00f3n fiscal del usuario, lo que optimiza la cadena de suministros y los costos operativos de las empresas.<\/p>\n\n\n\n<p><a href=\"https:\/\/www.youtube.com\/watch?v=IZ4-qb_2clc&amp;t=2s\" type=\"link\" id=\"https:\/\/www.youtube.com\/watch?v=IZ4-qb_2clc&amp;t=2s\">Clic para ver el video introductorio sobre Mercado Libre Negocios <\/a><\/p>\n\n\n\n<p><\/p>\n","protected":false},"excerpt":{"rendered":"<p>Nuestra instituci\u00f3n coordin\u00f3 acciones con Mercado Libre para integrar a las pymes al comercio electr\u00f3nico y proyecta nuevas alianzas estrat\u00e9gicas para beneficio de los socios.<\/p>\n","protected":false},"author":5,"featured_media":2776,"comment_status":"open","ping_status":"open","sticky":false,"template":"","format":"standard","meta":{"_jetpack_memberships_contains_paid_content":false,"footnotes":""},"categories":[11],"tags":[],"class_list":["post-2775","post","type-post","status-publish","format-standard","has-post-thumbnail","hentry","category-institucional"],"yoast_head":"<!-- This site is optimized with the Yoast SEO plugin v27.4 - https:\/\/yoast.com\/product\/yoast-seo-wordpress\/ -->\n<title>AERCA impulsa la transformaci\u00f3n de la gesti\u00f3n comercial en el sector productivo - AERCA<\/title>\n<meta name=\"robots\" content=\"index, follow, max-snippet:-1, max-image-preview:large, max-video-preview:-1\" \/>\n<link rel=\"canonical\" href=\"https:\/\/aerca.org.ar\/asociacion-empresarios\/aerca-impulsa-la-transformacion-de-la-gestion-comercial-en-el-sector-productivo\/\" \/>\n<meta property=\"og:locale\" content=\"es_ES\" \/>\n<meta property=\"og:type\" content=\"article\" \/>\n<meta property=\"og:title\" content=\"AERCA impulsa la transformaci\u00f3n de la gesti\u00f3n comercial en el sector productivo - AERCA\" \/>\n<meta property=\"og:description\" content=\"Nuestra instituci\u00f3n coordin\u00f3 acciones con Mercado Libre para integrar a las pymes al comercio electr\u00f3nico y proyecta nuevas alianzas estrat\u00e9gicas para beneficio de los socios.\" \/>\n<meta property=\"og:url\" content=\"https:\/\/aerca.org.ar\/asociacion-empresarios\/aerca-impulsa-la-transformacion-de-la-gestion-comercial-en-el-sector-productivo\/\" \/>\n<meta property=\"og:site_name\" content=\"AERCA\" \/>\n<meta property=\"article:publisher\" content=\"https:\/\/www.facebook.com\/aercavm\" \/>\n<meta property=\"article:published_time\" content=\"2026-04-14T13:50:17+00:00\" \/>\n<meta property=\"article:modified_time\" content=\"2026-04-14T14:17:53+00:00\" \/>\n<meta property=\"og:image\" content=\"https:\/\/aerca.org.ar\/asociacion-empresarios\/wp-content\/uploads\/2026\/04\/NOTICIAS-13.jpg\" \/>\n\t<meta property=\"og:image:width\" content=\"900\" \/>\n\t<meta property=\"og:image:height\" content=\"490\" \/>\n\t<meta property=\"og:image:type\" content=\"image\/jpeg\" \/>\n<meta name=\"author\" content=\"Comunicacion AERCA\" \/>\n<meta name=\"twitter:card\" content=\"summary_large_image\" \/>\n<meta name=\"twitter:creator\" content=\"@aercavm\" \/>\n<meta name=\"twitter:site\" content=\"@aercavm\" \/>\n<meta name=\"twitter:label1\" content=\"Escrito por\" \/>\n\t<meta name=\"twitter:data1\" content=\"Comunicacion AERCA\" \/>\n\t<meta name=\"twitter:label2\" content=\"Tiempo de lectura\" \/>\n\t<meta name=\"twitter:data2\" content=\"2 minutos\" \/>\n<script type=\"application\/ld+json\" class=\"yoast-schema-graph\">{\"@context\":\"https:\\\/\\\/schema.org\",\"@graph\":[{\"@type\":\"Article\",\"@id\":\"https:\\\/\\\/aerca.org.ar\\\/asociacion-empresarios\\\/aerca-impulsa-la-transformacion-de-la-gestion-comercial-en-el-sector-productivo\\\/#article\",\"isPartOf\":{\"@id\":\"https:\\\/\\\/aerca.org.ar\\\/asociacion-empresarios\\\/aerca-impulsa-la-transformacion-de-la-gestion-comercial-en-el-sector-productivo\\\/\"},\"author\":{\"name\":\"Comunicacion AERCA\",\"@id\":\"https:\\\/\\\/aerca.org.ar\\\/asociacion-empresarios\\\/#\\\/schema\\\/person\\\/d3878682d3edfef906c89a20da49e15e\"},\"headline\":\"AERCA impulsa la transformaci\u00f3n de la gesti\u00f3n comercial en el sector productivo\",\"datePublished\":\"2026-04-14T13:50:17+00:00\",\"dateModified\":\"2026-04-14T14:17:53+00:00\",\"mainEntityOfPage\":{\"@id\":\"https:\\\/\\\/aerca.org.ar\\\/asociacion-empresarios\\\/aerca-impulsa-la-transformacion-de-la-gestion-comercial-en-el-sector-productivo\\\/\"},\"wordCount\":274,\"commentCount\":0,\"publisher\":{\"@id\":\"https:\\\/\\\/aerca.org.ar\\\/asociacion-empresarios\\\/#organization\"},\"image\":{\"@id\":\"https:\\\/\\\/aerca.org.ar\\\/asociacion-empresarios\\\/aerca-impulsa-la-transformacion-de-la-gestion-comercial-en-el-sector-productivo\\\/#primaryimage\"},\"thumbnailUrl\":\"https:\\\/\\\/aerca.org.ar\\\/asociacion-empresarios\\\/wp-content\\\/uploads\\\/2026\\\/04\\\/NOTICIAS-13.jpg\",\"articleSection\":[\"Institucional\"],\"inLanguage\":\"es\",\"potentialAction\":[{\"@type\":\"CommentAction\",\"name\":\"Comment\",\"target\":[\"https:\\\/\\\/aerca.org.ar\\\/asociacion-empresarios\\\/aerca-impulsa-la-transformacion-de-la-gestion-comercial-en-el-sector-productivo\\\/#respond\"]}]},{\"@type\":\"WebPage\",\"@id\":\"https:\\\/\\\/aerca.org.ar\\\/asociacion-empresarios\\\/aerca-impulsa-la-transformacion-de-la-gestion-comercial-en-el-sector-productivo\\\/\",\"url\":\"https:\\\/\\\/aerca.org.ar\\\/asociacion-empresarios\\\/aerca-impulsa-la-transformacion-de-la-gestion-comercial-en-el-sector-productivo\\\/\",\"name\":\"AERCA impulsa la transformaci\u00f3n de la gesti\u00f3n comercial en el sector productivo - AERCA\",\"isPartOf\":{\"@id\":\"https:\\\/\\\/aerca.org.ar\\\/asociacion-empresarios\\\/#website\"},\"primaryImageOfPage\":{\"@id\":\"https:\\\/\\\/aerca.org.ar\\\/asociacion-empresarios\\\/aerca-impulsa-la-transformacion-de-la-gestion-comercial-en-el-sector-productivo\\\/#primaryimage\"},\"image\":{\"@id\":\"https:\\\/\\\/aerca.org.ar\\\/asociacion-empresarios\\\/aerca-impulsa-la-transformacion-de-la-gestion-comercial-en-el-sector-productivo\\\/#primaryimage\"},\"thumbnailUrl\":\"https:\\\/\\\/aerca.org.ar\\\/asociacion-empresarios\\\/wp-content\\\/uploads\\\/2026\\\/04\\\/NOTICIAS-13.jpg\",\"datePublished\":\"2026-04-14T13:50:17+00:00\",\"dateModified\":\"2026-04-14T14:17:53+00:00\",\"breadcrumb\":{\"@id\":\"https:\\\/\\\/aerca.org.ar\\\/asociacion-empresarios\\\/aerca-impulsa-la-transformacion-de-la-gestion-comercial-en-el-sector-productivo\\\/#breadcrumb\"},\"inLanguage\":\"es\",\"potentialAction\":[{\"@type\":\"ReadAction\",\"target\":[\"https:\\\/\\\/aerca.org.ar\\\/asociacion-empresarios\\\/aerca-impulsa-la-transformacion-de-la-gestion-comercial-en-el-sector-productivo\\\/\"]}]},{\"@type\":\"ImageObject\",\"inLanguage\":\"es\",\"@id\":\"https:\\\/\\\/aerca.org.ar\\\/asociacion-empresarios\\\/aerca-impulsa-la-transformacion-de-la-gestion-comercial-en-el-sector-productivo\\\/#primaryimage\",\"url\":\"https:\\\/\\\/aerca.org.ar\\\/asociacion-empresarios\\\/wp-content\\\/uploads\\\/2026\\\/04\\\/NOTICIAS-13.jpg\",\"contentUrl\":\"https:\\\/\\\/aerca.org.ar\\\/asociacion-empresarios\\\/wp-content\\\/uploads\\\/2026\\\/04\\\/NOTICIAS-13.jpg\",\"width\":900,\"height\":490},{\"@type\":\"BreadcrumbList\",\"@id\":\"https:\\\/\\\/aerca.org.ar\\\/asociacion-empresarios\\\/aerca-impulsa-la-transformacion-de-la-gestion-comercial-en-el-sector-productivo\\\/#breadcrumb\",\"itemListElement\":[{\"@type\":\"ListItem\",\"position\":1,\"name\":\"Portada\",\"item\":\"https:\\\/\\\/aerca.org.ar\\\/asociacion-empresarios\\\/\"},{\"@type\":\"ListItem\",\"position\":2,\"name\":\"AERCA impulsa la transformaci\u00f3n de la gesti\u00f3n comercial en el sector productivo\"}]},{\"@type\":\"WebSite\",\"@id\":\"https:\\\/\\\/aerca.org.ar\\\/asociacion-empresarios\\\/#website\",\"url\":\"https:\\\/\\\/aerca.org.ar\\\/asociacion-empresarios\\\/\",\"name\":\"AERCA\",\"description\":\"Asociacion de Empresarios de la Region Centro Argentina\",\"publisher\":{\"@id\":\"https:\\\/\\\/aerca.org.ar\\\/asociacion-empresarios\\\/#organization\"},\"potentialAction\":[{\"@type\":\"SearchAction\",\"target\":{\"@type\":\"EntryPoint\",\"urlTemplate\":\"https:\\\/\\\/aerca.org.ar\\\/asociacion-empresarios\\\/?s={search_term_string}\"},\"query-input\":{\"@type\":\"PropertyValueSpecification\",\"valueRequired\":true,\"valueName\":\"search_term_string\"}}],\"inLanguage\":\"es\"},{\"@type\":\"Organization\",\"@id\":\"https:\\\/\\\/aerca.org.ar\\\/asociacion-empresarios\\\/#organization\",\"name\":\"AERCA\",\"url\":\"https:\\\/\\\/aerca.org.ar\\\/asociacion-empresarios\\\/\",\"logo\":{\"@type\":\"ImageObject\",\"inLanguage\":\"es\",\"@id\":\"https:\\\/\\\/aerca.org.ar\\\/asociacion-empresarios\\\/#\\\/schema\\\/logo\\\/image\\\/\",\"url\":\"https:\\\/\\\/aerca.org.ar\\\/asociacion-empresarios\\\/wp-content\\\/uploads\\\/2025\\\/09\\\/logo-aerca-95-anos-scaled.png\",\"contentUrl\":\"https:\\\/\\\/aerca.org.ar\\\/asociacion-empresarios\\\/wp-content\\\/uploads\\\/2025\\\/09\\\/logo-aerca-95-anos-scaled.png\",\"width\":2560,\"height\":569,\"caption\":\"AERCA\"},\"image\":{\"@id\":\"https:\\\/\\\/aerca.org.ar\\\/asociacion-empresarios\\\/#\\\/schema\\\/logo\\\/image\\\/\"},\"sameAs\":[\"https:\\\/\\\/www.facebook.com\\\/aercavm\",\"https:\\\/\\\/x.com\\\/aercavm\",\"https:\\\/\\\/www.youtube.com\\\/@aercavm\",\"https:\\\/\\\/www.instagram.com\\\/aercavm\\\/\"]},{\"@type\":\"Person\",\"@id\":\"https:\\\/\\\/aerca.org.ar\\\/asociacion-empresarios\\\/#\\\/schema\\\/person\\\/d3878682d3edfef906c89a20da49e15e\",\"name\":\"Comunicacion AERCA\",\"image\":{\"@type\":\"ImageObject\",\"inLanguage\":\"es\",\"@id\":\"https:\\\/\\\/secure.gravatar.com\\\/avatar\\\/4dab48e9df29bcecdd2373c6d081ec5abaaf0366a122768f4f78f20f74b93d87?s=96&d=mm&r=g\",\"url\":\"https:\\\/\\\/secure.gravatar.com\\\/avatar\\\/4dab48e9df29bcecdd2373c6d081ec5abaaf0366a122768f4f78f20f74b93d87?s=96&d=mm&r=g\",\"contentUrl\":\"https:\\\/\\\/secure.gravatar.com\\\/avatar\\\/4dab48e9df29bcecdd2373c6d081ec5abaaf0366a122768f4f78f20f74b93d87?s=96&d=mm&r=g\",\"caption\":\"Comunicacion AERCA\"},\"url\":\"https:\\\/\\\/aerca.org.ar\\\/asociacion-empresarios\\\/author\\\/aerca_com\\\/\"}]}<\/script>\n<!-- \/ Yoast SEO plugin. -->","yoast_head_json":{"title":"AERCA impulsa la transformaci\u00f3n de la gesti\u00f3n comercial en el sector productivo - AERCA","robots":{"index":"index","follow":"follow","max-snippet":"max-snippet:-1","max-image-preview":"max-image-preview:large","max-video-preview":"max-video-preview:-1"},"canonical":"https:\/\/aerca.org.ar\/asociacion-empresarios\/aerca-impulsa-la-transformacion-de-la-gestion-comercial-en-el-sector-productivo\/","og_locale":"es_ES","og_type":"article","og_title":"AERCA impulsa la transformaci\u00f3n de la gesti\u00f3n comercial en el sector productivo - AERCA","og_description":"Nuestra instituci\u00f3n coordin\u00f3 acciones con Mercado Libre para integrar a las pymes al comercio electr\u00f3nico y proyecta nuevas alianzas estrat\u00e9gicas para beneficio de los socios.","og_url":"https:\/\/aerca.org.ar\/asociacion-empresarios\/aerca-impulsa-la-transformacion-de-la-gestion-comercial-en-el-sector-productivo\/","og_site_name":"AERCA","article_publisher":"https:\/\/www.facebook.com\/aercavm","article_published_time":"2026-04-14T13:50:17+00:00","article_modified_time":"2026-04-14T14:17:53+00:00","og_image":[{"width":900,"height":490,"url":"https:\/\/aerca.org.ar\/asociacion-empresarios\/wp-content\/uploads\/2026\/04\/NOTICIAS-13.jpg","type":"image\/jpeg"}],"author":"Comunicacion AERCA","twitter_card":"summary_large_image","twitter_creator":"@aercavm","twitter_site":"@aercavm","twitter_misc":{"Escrito por":"Comunicacion AERCA","Tiempo de lectura":"2 minutos"},"schema":{"@context":"https:\/\/schema.org","@graph":[{"@type":"Article","@id":"https:\/\/aerca.org.ar\/asociacion-empresarios\/aerca-impulsa-la-transformacion-de-la-gestion-comercial-en-el-sector-productivo\/#article","isPartOf":{"@id":"https:\/\/aerca.org.ar\/asociacion-empresarios\/aerca-impulsa-la-transformacion-de-la-gestion-comercial-en-el-sector-productivo\/"},"author":{"name":"Comunicacion AERCA","@id":"https:\/\/aerca.org.ar\/asociacion-empresarios\/#\/schema\/person\/d3878682d3edfef906c89a20da49e15e"},"headline":"AERCA impulsa la transformaci\u00f3n de la gesti\u00f3n comercial en el sector productivo","datePublished":"2026-04-14T13:50:17+00:00","dateModified":"2026-04-14T14:17:53+00:00","mainEntityOfPage":{"@id":"https:\/\/aerca.org.ar\/asociacion-empresarios\/aerca-impulsa-la-transformacion-de-la-gestion-comercial-en-el-sector-productivo\/"},"wordCount":274,"commentCount":0,"publisher":{"@id":"https:\/\/aerca.org.ar\/asociacion-empresarios\/#organization"},"image":{"@id":"https:\/\/aerca.org.ar\/asociacion-empresarios\/aerca-impulsa-la-transformacion-de-la-gestion-comercial-en-el-sector-productivo\/#primaryimage"},"thumbnailUrl":"https:\/\/aerca.org.ar\/asociacion-empresarios\/wp-content\/uploads\/2026\/04\/NOTICIAS-13.jpg","articleSection":["Institucional"],"inLanguage":"es","potentialAction":[{"@type":"CommentAction","name":"Comment","target":["https:\/\/aerca.org.ar\/asociacion-empresarios\/aerca-impulsa-la-transformacion-de-la-gestion-comercial-en-el-sector-productivo\/#respond"]}]},{"@type":"WebPage","@id":"https:\/\/aerca.org.ar\/asociacion-empresarios\/aerca-impulsa-la-transformacion-de-la-gestion-comercial-en-el-sector-productivo\/","url":"https:\/\/aerca.org.ar\/asociacion-empresarios\/aerca-impulsa-la-transformacion-de-la-gestion-comercial-en-el-sector-productivo\/","name":"AERCA impulsa la transformaci\u00f3n de la gesti\u00f3n comercial en el sector productivo - AERCA","isPartOf":{"@id":"https:\/\/aerca.org.ar\/asociacion-empresarios\/#website"},"primaryImageOfPage":{"@id":"https:\/\/aerca.org.ar\/asociacion-empresarios\/aerca-impulsa-la-transformacion-de-la-gestion-comercial-en-el-sector-productivo\/#primaryimage"},"image":{"@id":"https:\/\/aerca.org.ar\/asociacion-empresarios\/aerca-impulsa-la-transformacion-de-la-gestion-comercial-en-el-sector-productivo\/#primaryimage"},"thumbnailUrl":"https:\/\/aerca.org.ar\/asociacion-empresarios\/wp-content\/uploads\/2026\/04\/NOTICIAS-13.jpg","datePublished":"2026-04-14T13:50:17+00:00","dateModified":"2026-04-14T14:17:53+00:00","breadcrumb":{"@id":"https:\/\/aerca.org.ar\/asociacion-empresarios\/aerca-impulsa-la-transformacion-de-la-gestion-comercial-en-el-sector-productivo\/#breadcrumb"},"inLanguage":"es","potentialAction":[{"@type":"ReadAction","target":["https:\/\/aerca.org.ar\/asociacion-empresarios\/aerca-impulsa-la-transformacion-de-la-gestion-comercial-en-el-sector-productivo\/"]}]},{"@type":"ImageObject","inLanguage":"es","@id":"https:\/\/aerca.org.ar\/asociacion-empresarios\/aerca-impulsa-la-transformacion-de-la-gestion-comercial-en-el-sector-productivo\/#primaryimage","url":"https:\/\/aerca.org.ar\/asociacion-empresarios\/wp-content\/uploads\/2026\/04\/NOTICIAS-13.jpg","contentUrl":"https:\/\/aerca.org.ar\/asociacion-empresarios\/wp-content\/uploads\/2026\/04\/NOTICIAS-13.jpg","width":900,"height":490},{"@type":"BreadcrumbList","@id":"https:\/\/aerca.org.ar\/asociacion-empresarios\/aerca-impulsa-la-transformacion-de-la-gestion-comercial-en-el-sector-productivo\/#breadcrumb","itemListElement":[{"@type":"ListItem","position":1,"name":"Portada","item":"https:\/\/aerca.org.ar\/asociacion-empresarios\/"},{"@type":"ListItem","position":2,"name":"AERCA impulsa la transformaci\u00f3n de la gesti\u00f3n comercial en el sector productivo"}]},{"@type":"WebSite","@id":"https:\/\/aerca.org.ar\/asociacion-empresarios\/#website","url":"https:\/\/aerca.org.ar\/asociacion-empresarios\/","name":"AERCA","description":"Asociacion de Empresarios de la Region Centro Argentina","publisher":{"@id":"https:\/\/aerca.org.ar\/asociacion-empresarios\/#organization"},"potentialAction":[{"@type":"SearchAction","target":{"@type":"EntryPoint","urlTemplate":"https:\/\/aerca.org.ar\/asociacion-empresarios\/?s={search_term_string}"},"query-input":{"@type":"PropertyValueSpecification","valueRequired":true,"valueName":"search_term_string"}}],"inLanguage":"es"},{"@type":"Organization","@id":"https:\/\/aerca.org.ar\/asociacion-empresarios\/#organization","name":"AERCA","url":"https:\/\/aerca.org.ar\/asociacion-empresarios\/","logo":{"@type":"ImageObject","inLanguage":"es","@id":"https:\/\/aerca.org.ar\/asociacion-empresarios\/#\/schema\/logo\/image\/","url":"https:\/\/aerca.org.ar\/asociacion-empresarios\/wp-content\/uploads\/2025\/09\/logo-aerca-95-anos-scaled.png","contentUrl":"https:\/\/aerca.org.ar\/asociacion-empresarios\/wp-content\/uploads\/2025\/09\/logo-aerca-95-anos-scaled.png","width":2560,"height":569,"caption":"AERCA"},"image":{"@id":"https:\/\/aerca.org.ar\/asociacion-empresarios\/#\/schema\/logo\/image\/"},"sameAs":["https:\/\/www.facebook.com\/aercavm","https:\/\/x.com\/aercavm","https:\/\/www.youtube.com\/@aercavm","https:\/\/www.instagram.com\/aercavm\/"]},{"@type":"Person","@id":"https:\/\/aerca.org.ar\/asociacion-empresarios\/#\/schema\/person\/d3878682d3edfef906c89a20da49e15e","name":"Comunicacion AERCA","image":{"@type":"ImageObject","inLanguage":"es","@id":"https:\/\/secure.gravatar.com\/avatar\/4dab48e9df29bcecdd2373c6d081ec5abaaf0366a122768f4f78f20f74b93d87?s=96&d=mm&r=g","url":"https:\/\/secure.gravatar.com\/avatar\/4dab48e9df29bcecdd2373c6d081ec5abaaf0366a122768f4f78f20f74b93d87?s=96&d=mm&r=g","contentUrl":"https:\/\/secure.gravatar.com\/avatar\/4dab48e9df29bcecdd2373c6d081ec5abaaf0366a122768f4f78f20f74b93d87?s=96&d=mm&r=g","caption":"Comunicacion AERCA"},"url":"https:\/\/aerca.org.ar\/asociacion-empresarios\/author\/aerca_com\/"}]}},"jetpack_featured_media_url":"https:\/\/aerca.org.ar\/asociacion-empresarios\/wp-content\/uploads\/2026\/04\/NOTICIAS-13.jpg","jetpack_sharing_enabled":true,"_links":{"self":[{"href":"https:\/\/aerca.org.ar\/asociacion-empresarios\/wp-json\/wp\/v2\/posts\/2775","targetHints":{"allow":["GET"]}}],"collection":[{"href":"https:\/\/aerca.org.ar\/asociacion-empresarios\/wp-json\/wp\/v2\/posts"}],"about":[{"href":"https:\/\/aerca.org.ar\/asociacion-empresarios\/wp-json\/wp\/v2\/types\/post"}],"author":[{"embeddable":true,"href":"https:\/\/aerca.org.ar\/asociacion-empresarios\/wp-json\/wp\/v2\/users\/5"}],"replies":[{"embeddable":true,"href":"https:\/\/aerca.org.ar\/asociacion-empresarios\/wp-json\/wp\/v2\/comments?post=2775"}],"version-history":[{"count":1,"href":"https:\/\/aerca.org.ar\/asociacion-empresarios\/wp-json\/wp\/v2\/posts\/2775\/revisions"}],"predecessor-version":[{"id":2777,"href":"https:\/\/aerca.org.ar\/asociacion-empresarios\/wp-json\/wp\/v2\/posts\/2775\/revisions\/2777"}],"wp:featuredmedia":[{"embeddable":true,"href":"https:\/\/aerca.org.ar\/asociacion-empresarios\/wp-json\/wp\/v2\/media\/2776"}],"wp:attachment":[{"href":"https:\/\/aerca.org.ar\/asociacion-empresarios\/wp-json\/wp\/v2\/media?parent=2775"}],"wp:term":[{"taxonomy":"category","embeddable":true,"href":"https:\/\/aerca.org.ar\/asociacion-empresarios\/wp-json\/wp\/v2\/categories?post=2775"},{"taxonomy":"post_tag","embeddable":true,"href":"https:\/\/aerca.org.ar\/asociacion-empresarios\/wp-json\/wp\/v2\/tags?post=2775"}],"curies":[{"name":"wp","href":"https:\/\/api.w.org\/{rel}","templated":true}]}}